{"id":28542,"date":"2016-11-02T10:23:26","date_gmt":"2016-11-02T15:23:26","guid":{"rendered":"http:\/\/contraluzcucuta.co\/?p=28542"},"modified":"2016-11-02T10:23:26","modified_gmt":"2016-11-02T15:23:26","slug":"ifinorte-gramalote-incluido-entre-las-ciudades-emblematicas-de-colombia","status":"publish","type":"post","link":"https:\/\/contraluzcucuta.co\/?p=28542","title":{"rendered":"IFINORTE. Gramalote, incluido entre las Ciudades Emblem\u00e1ticas de Colombia"},"content":{"rendered":"<p><strong>GRAMALOTE \u2013 Norte de Santander.-<\/strong> El gerente general de Ifinorte, Carlos Amarildo Garc\u00eda, en compa\u00f1\u00eda del su equipo de trabajo, particip\u00f3 en la visita institucional del gobernador William Villamizar al nuevo casco urbano de Gramalote. En la actividad se firmaron convenios que beneficiar\u00e1n al municipio.<\/p>\n<p>La Gobernaci\u00f3n de Norte de Santander apoyar\u00e1 la construcci\u00f3n de la Casa de la Cultura y del Adulto Mayor, entre otras obras.<\/p>\n<p>1.- Findeter. Se firm\u00f3 el convenio que incluye a Gramalote entre las Ciudades Emblem\u00e1ticas.<\/p>\n<p>2.- Fundaci\u00f3n Mario Santo Domingo y Fondo Adaptaci\u00f3n. Se firm\u00f3 el convenio de acompa\u00f1amiento social a Gramalote.<\/p>\n<p>3.- Fondo Adaptaci\u00f3n. Anunci\u00f3 la destinaci\u00f3n de $ 15.000 millones adicionales para la terminaci\u00f3n de la v\u00eda de acceso al nuevo casco urbano de Gramalote, tras lo cual se firm\u00f3 el respectivo documento.<\/p>\n<p><strong>Foto: PRENSA GOBERNACI\u00d3N<\/strong><\/p>\n<p>&nbsp; <\/p>\n","protected":false},"excerpt":{"rendered":"<p>GRAMALOTE \u2013 Norte de Santander.- El gerente general de Ifinorte, Carlos Amarildo Garc\u00eda, en compa\u00f1\u00eda del su equipo de trabajo, particip\u00f3 en la visita institucional del gobernador William Villamizar al nuevo casco urbano de Gramalote. En la actividad se firmaron convenios que beneficiar\u00e1n al municipio. La Gobernaci\u00f3n de Norte de Santander apoyar\u00e1 la construcci\u00f3n de &hellip;<\/p>\n","protected":false},"author":1,"featured_media":28543,"comment_status":"open","ping_status":"open","sticky":false,"template":"","format":"standard","meta":{"footnotes":""},"categories":[2630],"tags":[3313,379,571],"class_list":["post-28542","post","type-post","status-publish","format-standard","has-post-thumbnail","hentry","category-gobernacion","tag-carlos-amarildo-garcia","tag-gobernacion-de-norte-de-santander","tag-ifinorte"],"_links":{"self":[{"href":"https:\/\/contraluzcucuta.co\/index.php?rest_route=\/wp\/v2\/posts\/28542","targetHints":{"allow":["GET"]}}],"collection":[{"href":"https:\/\/contraluzcucuta.co\/index.php?rest_route=\/wp\/v2\/posts"}],"about":[{"href":"https:\/\/contraluzcucuta.co\/index.php?rest_route=\/wp\/v2\/types\/post"}],"author":[{"embeddable":true,"href":"https:\/\/contraluzcucuta.co\/index.php?rest_route=\/wp\/v2\/users\/1"}],"replies":[{"embeddable":true,"href":"https:\/\/contraluzcucuta.co\/index.php?rest_route=%2Fwp%2Fv2%2Fcomments&post=28542"}],"version-history":[{"count":1,"href":"https:\/\/contraluzcucuta.co\/index.php?rest_route=\/wp\/v2\/posts\/28542\/revisions"}],"predecessor-version":[{"id":28544,"href":"https:\/\/contraluzcucuta.co\/index.php?rest_route=\/wp\/v2\/posts\/28542\/revisions\/28544"}],"wp:featuredmedia":[{"embeddable":true,"href":"https:\/\/contraluzcucuta.co\/index.php?rest_route=\/wp\/v2\/media\/28543"}],"wp:attachment":[{"href":"https:\/\/contraluzcucuta.co\/index.php?rest_route=%2Fwp%2Fv2%2Fmedia&parent=28542"}],"wp:term":[{"taxonomy":"category","embeddable":true,"href":"https:\/\/contraluzcucuta.co\/index.php?rest_route=%2Fwp%2Fv2%2Fcategories&post=28542"},{"taxonomy":"post_tag","embeddable":true,"href":"https:\/\/contraluzcucuta.co\/index.php?rest_route=%2Fwp%2Fv2%2Ftags&post=28542"}],"curies":[{"name":"wp","href":"https:\/\/api.w.org\/{rel}","templated":true}]}}