{"id":28537,"date":"2016-10-30T19:11:56","date_gmt":"2016-10-31T00:11:56","guid":{"rendered":"http:\/\/contraluzcucuta.co\/?p=28537"},"modified":"2016-10-30T19:12:42","modified_gmt":"2016-10-31T00:12:42","slug":"opinion-volver-la-habana","status":"publish","type":"post","link":"https:\/\/contraluzcucuta.co\/?p=28537","title":{"rendered":"OPINI\u00d3N.\u00a0\u00a0Volver a La Habana"},"content":{"rendered":"<p>En todo pensamos los colombianos en los d\u00edas antes de votar el plebiscito, pero nunca en la posibilitad real que los negociadores del Gobierno tuvieran que volver a La Habana a rediscutir puntos vitales contenidos en los Acuerdos de Paz aprobados y aplaudidos ante el mundo, en la c\u00e9lebre y memorable ocasi\u00f3n que se dio en Cartagena de Indias, entre el presidente Juan Manuel Santos y el m\u00e1ximo comandante de las Farc, \u2018Timochenko\u2019, \u00a0ante las autoridades de Naciones Unidas.<\/p>\n<p>Pero as\u00ed es la democracia. Cuando consider\u00e1bamos que el proceso del S\u00cd estaba maduro para ganar, se present\u00f3 el repunte del NO, que a muchos colombianos y algunos extranjeros nos dej\u00f3 \u00a0profundamente tristes, porque intu\u00edamos que el camino que se abr\u00eda era el del escepticismo, dado que los ganadores del NO lo que buscan es echar\u00a0 por tierra el esfuerzo de paz so\u00f1ado por la inmensa mayor\u00eda de los colombianos.<\/p>\n<p>A estas alturas, casi un mes despu\u00e9s del plebiscito, no ha sido posible ver humo blanco en las complejas y dif\u00edciles conversaciones que el Gobierno adelanta con el senador \u00c1lvaro Uribe y sus delegados, que son entre los del NO, lo m\u00e1s duros y recalcitrantes \u00a0de convencer. Ellos, tienen una agenda pol\u00edtica propia que comenzaron a desarrollar en la b\u00fasqueda de la presidencia de Colombia en el 2018 para alguno de los \u00a0cuatro lugartenientes del expresidente Uribe.<\/p>\n<p>El presidente Santos ha dado \u00a0demostraci\u00f3n de ser estadista en todo el sentido de la palabra. Presidente de una democracia seriamente amenazada, no\u00a0 ha dado el brazo a torcer y ha jurado perseverar, perseverar y perseverar en el camino, hasta sellar la paz con la\u00a0 sociedad colombiana.\u00a0 Por esto, \u00a0el Comit\u00e9 Noruego del Premio Nobel de la Paz no dud\u00f3 \u00a0en entender que era necesario entregarle el Premio Nobel, buscando en esta forma transmitirle su autoridad moral y pol\u00edtica, para que\u00a0 fuera capaz de sortear con \u00a0los dirigentes\u00a0 del NO la ardua tarea de tornar en propuestas\u00a0 viables los puntos del acuerdo,\u00a0\u00a0 que est\u00e1n en desacuerdo y entrar a discutirlos con una guerrilla que ha dado muestra de madurez \u00a0y de realismo pol\u00edtico, \u00a0y as\u00ed, juntos, buscar caminos que permitan superar esta crisis institucional en la que estamos inmersos.<\/p>\n<p>De este modo, resolvi\u00f3 volver a La Habana con el mismo equipo que durante m\u00e1s de cuatro a\u00f1os adelant\u00f3 un verdadero trabajo de relojer\u00eda suiza, lograron en forma clara y\u00a0 transparente un Acuerdo de Paz que para los\u00a0 estudiosos de estos complejos temas es el mejor trabajo que en \u00a0tem\u00e1ticas de paz\u00a0 se ha logrado en el mundo. Pero no solo env\u00edo al jefe de las conversaciones con las Farc, Humberto de la Calle, y a su mano derecha profesor Sergio Jaramillo, adem\u00e1s lo reforz\u00f3 considerablemente con\u00a0 los ministros del Interior, Juan Fernando Cristo, y para el Posconflicto, Rafael Pardo, y el senador Roy\u00a0 Barreras. Una verdadera comisi\u00f3n de lujo que tiene como meta lograr con las\u00a0 Farc un Acuerdo de Paz\u00a0 ajustado a los nuevos desaf\u00edos de una democracia \u00a0real y profunda, as\u00ed como respaldar e implementar una verdadera Reforma Rural Integral (RRI) que vuelva al campo m\u00e1s productivo y m\u00e1s equitativo con las golpeadas y empobrecidas poblaciones campesinas.<\/p>\n<p>Los uribistas y los sectores conservadores del exprocurador Alejandro Ord\u00f3\u00f1ez y del expresidente Andr\u00e9s Pastrana\u00a0 no deben\u00a0 insistir en la construcci\u00f3n de un nuevo Acuerdo de Paz. Esto es inaceptable para la sociedad colombiana que se expresa por medio de estudiantes, ind\u00edgenas, afros, campesinos, amas de casa y nuevos sectores sociales, \u00a0que con sus acciones diarias y\u00a0 decididas est\u00e1n dici\u00e9ndoles al pa\u00eds y al mundo: En Colombia se hizo la Paz, \u00a0no vamos a permitir que un grupo pol\u00edtico por intereses retardatarios\u00a0 del desarrollo econ\u00f3mico y social venga\u00a0 a imponernos otra vez la guerra y la violencia.<\/p>\n<p>El tiempo para la paz se nos agota. La presencia de grupos armados que han decidido dejar las armas\u00a0 y\u00a0 acogerse a los acuerdos que abren inmensas perspectivas de desarrollo y equidad\u00a0 est\u00e1n esperando la orden definitiva de desmovilizaci\u00f3n. No podemos continuar en este vac\u00edo jur\u00eddico que prolongado har\u00eda mucho da\u00f1o a la vida institucional del pa\u00eds. El presidente\u00a0 sabe que hoy la inmensa mayor\u00eda de colombianos queremos la Paz y\u00a0 estamos decididos a respaldar\u00a0 sus decisiones, pues sabemos que es el dirigente \u00a0que sabe conducirnos a la paz, que sabe llevarnos a \u00a0la reconciliaci\u00f3n nacional.\u00a0 Entonces, adelante presidente,\u00a0 que estamos con usted.<\/p>\n<p><strong>ALONSO OJEDA AWAD<\/strong><\/p>\n<p><strong>Exembajador de Colombia en Europa.<\/strong><\/p>\n<p><strong>Vicepresidente del Comit\u00e9 Permanente de Defensa de los DD.HH.\u00a0 (CPDH)<\/strong><\/p>\n<p><strong>Foto: Presidencia de la Rep\u00fablica de Colombia<\/strong><\/p>\n<p><strong>\u00a0<\/strong><\/p>\n<p>&nbsp; <\/p>\n","protected":false},"excerpt":{"rendered":"<p>En todo pensamos los colombianos en los d\u00edas antes de votar el plebiscito, pero nunca en la posibilitad real que los negociadores del Gobierno tuvieran que volver a La Habana a rediscutir puntos vitales contenidos en los Acuerdos de Paz aprobados y aplaudidos ante el mundo, en la c\u00e9lebre y memorable ocasi\u00f3n que se dio &hellip;<\/p>\n","protected":false},"author":1,"featured_media":28538,"comment_status":"open","ping_status":"open","sticky":false,"template":"","format":"standard","meta":{"footnotes":""},"categories":[14],"tags":[1004,2017],"class_list":["post-28537","post","type-post","status-publish","format-standard","has-post-thumbnail","hentry","category-articulistas","tag-alonso-ojeda-awad","tag-dialogos-de-la-habana"],"_links":{"self":[{"href":"https:\/\/contraluzcucuta.co\/index.php?rest_route=\/wp\/v2\/posts\/28537","targetHints":{"allow":["GET"]}}],"collection":[{"href":"https:\/\/contraluzcucuta.co\/index.php?rest_route=\/wp\/v2\/posts"}],"about":[{"href":"https:\/\/contraluzcucuta.co\/index.php?rest_route=\/wp\/v2\/types\/post"}],"author":[{"embeddable":true,"href":"https:\/\/contraluzcucuta.co\/index.php?rest_route=\/wp\/v2\/users\/1"}],"replies":[{"embeddable":true,"href":"https:\/\/contraluzcucuta.co\/index.php?rest_route=%2Fwp%2Fv2%2Fcomments&post=28537"}],"version-history":[{"count":2,"href":"https:\/\/contraluzcucuta.co\/index.php?rest_route=\/wp\/v2\/posts\/28537\/revisions"}],"predecessor-version":[{"id":28540,"href":"https:\/\/contraluzcucuta.co\/index.php?rest_route=\/wp\/v2\/posts\/28537\/revisions\/28540"}],"wp:featuredmedia":[{"embeddable":true,"href":"https:\/\/contraluzcucuta.co\/index.php?rest_route=\/wp\/v2\/media\/28538"}],"wp:attachment":[{"href":"https:\/\/contraluzcucuta.co\/index.php?rest_route=%2Fwp%2Fv2%2Fmedia&parent=28537"}],"wp:term":[{"taxonomy":"category","embeddable":true,"href":"https:\/\/contraluzcucuta.co\/index.php?rest_route=%2Fwp%2Fv2%2Fcategories&post=28537"},{"taxonomy":"post_tag","embeddable":true,"href":"https:\/\/contraluzcucuta.co\/index.php?rest_route=%2Fwp%2Fv2%2Ftags&post=28537"}],"curies":[{"name":"wp","href":"https:\/\/api.w.org\/{rel}","templated":true}]}}