{"id":28520,"date":"2016-10-30T16:26:06","date_gmt":"2016-10-30T21:26:06","guid":{"rendered":"http:\/\/contraluzcucuta.co\/?p=28520"},"modified":"2016-10-30T16:26:06","modified_gmt":"2016-10-30T21:26:06","slug":"crisis-en-venezuela-llamado-urgente-iniciar-un-proceso-de-dialogo-nacional","status":"publish","type":"post","link":"https:\/\/contraluzcucuta.co\/?p=28520","title":{"rendered":"CRISIS EN VENEZUELA. Llamado urgente a iniciar un proceso de di\u00e1logo nacional"},"content":{"rendered":"<p>Los Obispos miembros de la Presidencia de la Conferencia Episcopal Venezolana, preocupados por el bien com\u00fan de los connacionales y de todos los que viven en esta tierra de gracia, teniendo presente que:<\/p>\n<p>1.- La innegable crisis pol\u00edtica, econ\u00f3mica y social del pa\u00eds ha llevado a los venezolanos a un profundo sufrimiento<\/p>\n<p>2.- La gravedad del momento hace necesario el esfuerzo y el entendimiento de todos para buscar y encontrar soluciones<\/p>\n<p>3.- Los factores pol\u00edticos, tanto de la oposici\u00f3n como del Gobierno, en comunicaciones particulares enviadas al santo padre Francisco, han solicitado la intervenci\u00f3n de la Santa Sede para dar inicio a un proceso de di\u00e1logo en funci\u00f3n de buscar salidas pac\u00edficas a la dif\u00edcil situaci\u00f3n que vive nuestro pa\u00eds<\/p>\n<p>4.- En respuesta a las peticiones hechas, y movido por una gran preocupaci\u00f3n por los venezolanos, el Santo Padre ha decidido el env\u00edo sucesivo de dos delegados que, actuando en su nombre, faciliten la comunicaci\u00f3n y el di\u00e1logo constructivo entre ambos factores teniendo como principio rector el bien com\u00fan de los venezolanos\u2026<\/p>\n<p>Hacemos un llamado urgente, tanto a los representantes del Gobierno como a los de la Mesa de la Unidad Democr\u00e1tica, a:<\/p>\n<p>1.- SER COHERENTES con lo solicitado al Santo Padre y a entender que es solo el camino del di\u00e1logo junto con el respeto a la Constituci\u00f3n y las leyes, y no el de la perenne confrontaci\u00f3n, el que puede permitirnos encontrar alternativas de soluci\u00f3n a tantos males que nos aquejan<\/p>\n<p>2.- RESPETAR el compromiso que han asumido ante el pa\u00eds de iniciar conversaciones, con acompa\u00f1amiento del representante de la Santa Sede enviado al efecto, a fin de evitar una espiral de violencia que suma en un mayor sufrimiento a nuestro amado pueblo.<\/p>\n<p>3.- VALORAR la preocupaci\u00f3n y el esfuerzo del santo padre Francisco a fin de que mediante un proceso de di\u00e1logo respetuoso se encuentren caminos y se tiendan puentes para la b\u00fasqueda de soluciones a los grandes males en los cuales el pa\u00eds se encuentra sumido en los actuales momentos;<\/p>\n<p>4.- ESCUCHAR AL PUEBLO con sus clamores, esperanzas y requerimientos. El es el verdadero protagonista de la democracia. Los intereses particulares deben estar en un segundo lugar. Es el bien com\u00fan lo que ha de estar en el horizonte del encuentro y di\u00e1logo<\/p>\n<p>5.- EVITAR llamados a acciones peligrosas que puedan desencadenar actos de violencia.<\/p>\n<p>Los obispos reiteraron el agradecimiento y total adhesi\u00f3n al santo padre Francisco en sus esfuerzos en favor del pueblo venezolano e invitaron a los creyentes a unirse en oraci\u00f3n para que el Se\u00f1or ilumine la mente y el coraz\u00f3n de los actores pol\u00edticos en el encontrar puntos de entendimiento y caminos de soluci\u00f3n al dif\u00edcil momento por el que atraviesa el pa\u00eds. \u201cQue Mar\u00eda de Coromoto, acompa\u00f1e sus esfuerzos y como Madre amorosa les bendiga\u201d.<\/p>\n<p>Firman el comunicado:<\/p>\n<p>Monse\u00f1or Jorge Urosa Savino, Arzobispo de Caracas, presidente honorario de la CEV<\/p>\n<p>Monse\u00f1or Diego Rafael Padr\u00f3n S\u00e1nchez, Arzobispo de Cuman\u00e1, presidente de la CEV<\/p>\n<p>Monse\u00f1or Jos\u00e9 Luis Azuaje Ayala, Obispo de Barinas, primer vicepresidente de la CEV<\/p>\n<p>Monse\u00f1or Mario Moronta Rodr\u00edguez, Obispo de San Crist\u00f3bal, segundo vicepresidente de la CEV<\/p>\n<p>Monse\u00f1or V\u00edctor Hugo Basabe, Obispo de San Felipe, secretario general de la CEV.<\/p>\n<p><strong>Foto: <a href=\"http:\/\/www.dw.com\">www.dw.com<\/a><\/strong><\/p>\n<p>&nbsp; <\/p>\n","protected":false},"excerpt":{"rendered":"<p>Los Obispos miembros de la Presidencia de la Conferencia Episcopal Venezolana, preocupados por el bien com\u00fan de los connacionales y de todos los que viven en esta tierra de gracia, teniendo presente que: 1.- La innegable crisis pol\u00edtica, econ\u00f3mica y social del pa\u00eds ha llevado a los venezolanos a un profundo sufrimiento 2.- La gravedad &hellip;<\/p>\n","protected":false},"author":1,"featured_media":28521,"comment_status":"open","ping_status":"open","sticky":false,"template":"","format":"standard","meta":{"footnotes":""},"categories":[1326,45,4],"tags":[2504,2483,1164,682],"class_list":["post-28520","post","type-post","status-publish","format-standard","has-post-thumbnail","hentry","category-crisis-en-venezuela-2","category-destacado","category-barra","tag-conferencia-episcopal-venezolana","tag-crisis-en-la-frontera","tag-crisis-en-venezuela","tag-nicolas-maduro"],"_links":{"self":[{"href":"https:\/\/contraluzcucuta.co\/index.php?rest_route=\/wp\/v2\/posts\/28520","targetHints":{"allow":["GET"]}}],"collection":[{"href":"https:\/\/contraluzcucuta.co\/index.php?rest_route=\/wp\/v2\/posts"}],"about":[{"href":"https:\/\/contraluzcucuta.co\/index.php?rest_route=\/wp\/v2\/types\/post"}],"author":[{"embeddable":true,"href":"https:\/\/contraluzcucuta.co\/index.php?rest_route=\/wp\/v2\/users\/1"}],"replies":[{"embeddable":true,"href":"https:\/\/contraluzcucuta.co\/index.php?rest_route=%2Fwp%2Fv2%2Fcomments&post=28520"}],"version-history":[{"count":1,"href":"https:\/\/contraluzcucuta.co\/index.php?rest_route=\/wp\/v2\/posts\/28520\/revisions"}],"predecessor-version":[{"id":28522,"href":"https:\/\/contraluzcucuta.co\/index.php?rest_route=\/wp\/v2\/posts\/28520\/revisions\/28522"}],"wp:featuredmedia":[{"embeddable":true,"href":"https:\/\/contraluzcucuta.co\/index.php?rest_route=\/wp\/v2\/media\/28521"}],"wp:attachment":[{"href":"https:\/\/contraluzcucuta.co\/index.php?rest_route=%2Fwp%2Fv2%2Fmedia&parent=28520"}],"wp:term":[{"taxonomy":"category","embeddable":true,"href":"https:\/\/contraluzcucuta.co\/index.php?rest_route=%2Fwp%2Fv2%2Fcategories&post=28520"},{"taxonomy":"post_tag","embeddable":true,"href":"https:\/\/contraluzcucuta.co\/index.php?rest_route=%2Fwp%2Fv2%2Ftags&post=28520"}],"curies":[{"name":"wp","href":"https:\/\/api.w.org\/{rel}","templated":true}]}}