{"id":28508,"date":"2016-10-27T21:44:42","date_gmt":"2016-10-28T02:44:42","guid":{"rendered":"http:\/\/contraluzcucuta.co\/?p=28508"},"modified":"2016-10-27T21:44:42","modified_gmt":"2016-10-28T02:44:42","slug":"academia-de-historia-corta-visita-ocana","status":"publish","type":"post","link":"https:\/\/contraluzcucuta.co\/?p=28508","title":{"rendered":"ACADEMIA DE HISTORIA. Corta visita a Oca\u00f1a"},"content":{"rendered":"<p><strong>OCA\u00d1A \u2013Norte de Santander.-<\/strong> La semana pasada, tuvimos la oportunidad de visitar la ciudad de los Caro, para cumplirle una cita a la ilustre Academia de Historia de Oca\u00f1a que, generosamente, nos recibi\u00f3 como miembros correspondientes, a Julio An\u00edbal Perea y a quien esto escribe.<\/p>\n<p>Oca\u00f1a es una bella y apacible ciudad de clima suave, tranquila, con una poblaci\u00f3n aproximada de 80.000 habitantes, fundada por el capit\u00e1n espa\u00f1ol Francisco Fern\u00e1ndez de Contreras, el 14 de diciembre de 1570, erigida en municipio en 1572.<\/p>\n<p>Est\u00e1 a 1202 metros sobre el nivel del mar y tiene una temperatura media de 22 grados cent\u00edgrados, localizada a 200 kil\u00f3metros de C\u00facuta, por una excelente carretera, reci\u00e9n pavimentada, la mejor del departamento, despu\u00e9s de muchos a\u00f1os de luchar para la terminaci\u00f3n. A pesar de la agitada situaci\u00f3n de orden p\u00fablico, por el actuar del Eln, que en la Provincia es activo, se respira un clima de paz, pues a lo largo de la v\u00eda est\u00e1 la presencia de las fuerzas armadas, con ej\u00e9rcito y tanques que no dejan de producir una sensaci\u00f3n de seguridad.<\/p>\n<p>La carretera necesita pronto y cuidadoso mantenimiento, porque se observan, en algunos sitios, los efectos del pesado tr\u00e1fico de centenares de camiones y tractomulas, que todos los d\u00edas suben y bajan con pesadas cargas de combustible, v\u00edveres, ganado gordo, carb\u00f3n mineral para exportaci\u00f3n, que antes se enviaba por Venezuela, pero que con el cierre de la frontera, hace m\u00e1s de 14 meses, esa v\u00eda dej\u00f3 de existir, tal vez provisionalmente, seg\u00fan la voluntad del presidente Nicol\u00e1s Maduro y del gobernador del Estado T\u00e1chira, Jos\u00e9 Vielma Mora.<\/p>\n<p>En la mitad del camino, en El Alto del Pozo, se lee en un muro una placa de bronce que informa que la carretera fue inaugurada el 30 de julio de 1946, por el presidente Alberto Lleras Camargo y que se hab\u00eda iniciado 26 a\u00f1os antes.<\/p>\n<p>Oca\u00f1a es famosa por la belleza de las mujeres, muchas de ojos azules, por el parentesco lejano con los conquistadores alemanes e inmigrantes italianos de pasados siglos. Es legendaria la belleza de muchas, vinculadas a la lucha por la independencia, y fueron famosas las Ib\u00e1\u00f1ez, do\u00f1a Nicolasa Ib\u00e1\u00f1ez, madre del poeta rom\u00e1ntico, fil\u00f3sofo y pol\u00edtico Jos\u00e9 Eusebio Caro, fundador del Partido Conservador con Mariano Ospina Rodr\u00edguez, ex presidente de la rep\u00fablica y uno de los conspiradores contra la tiran\u00eda de Sim\u00f3n Bol\u00edvar, en 1828, y do\u00f1a Bernardina Ib\u00e1\u00f1ez bisabuela del expresidente Alfonso L\u00f3pez Michelsen. Una bella e imponente estatua del poeta Jos\u00e9 Eusebio Caro se levanta airosa frente al templo y complejo hist\u00f3rico, donde se reuni\u00f3 la famosa y fracasada Convenci\u00f3n de Oca\u00f1a, en 1828.<\/p>\n<p>A las 8:00 de la noche del 14 de octubre, la Academia de Historia, en sesi\u00f3n extraordinaria, otorg\u00f3 el t\u00edtulo de Miembros correspondientes a Julio An\u00edbal Perea, luego de o\u00edr el trabajo \u2018Por los senderos del Valle Hacaritama\u2019, y del suscrito, con el trabajo \u2018La muerte del general Francisco de Paula Santander\u201d<\/p>\n<p>La instituci\u00f3n fue fundada hace m\u00e1s de 80 a\u00f1os y la junta directiva es presidida por Luis Eduardo P\u00e1ez Garc\u00eda. En la secretar\u00eda est\u00e1 Jos\u00e9 Emiro Salas Bernal.<\/p>\n<p><strong>PABLO EMILIO RAM\u00cdREZ <\/strong><\/p>\n<p><strong>Foto: academia de historia de oca\u00f1a<\/strong> <\/p>\n","protected":false},"excerpt":{"rendered":"<p>OCA\u00d1A \u2013Norte de Santander.- La semana pasada, tuvimos la oportunidad de visitar la ciudad de los Caro, para cumplirle una cita a la ilustre Academia de Historia de Oca\u00f1a que, generosamente, nos recibi\u00f3 como miembros correspondientes, a Julio An\u00edbal Perea y a quien esto escribe. Oca\u00f1a es una bella y apacible ciudad de clima suave, &hellip;<\/p>\n","protected":false},"author":1,"featured_media":28509,"comment_status":"open","ping_status":"open","sticky":false,"template":"","format":"standard","meta":{"footnotes":""},"categories":[4,37,32],"tags":[3309],"class_list":["post-28508","post","type-post","status-publish","format-standard","has-post-thumbnail","hentry","category-barra","category-paseo-cultural","category-recorrido-por-la-region","tag-academia-de-historia-de-ocana"],"_links":{"self":[{"href":"https:\/\/contraluzcucuta.co\/index.php?rest_route=\/wp\/v2\/posts\/28508","targetHints":{"allow":["GET"]}}],"collection":[{"href":"https:\/\/contraluzcucuta.co\/index.php?rest_route=\/wp\/v2\/posts"}],"about":[{"href":"https:\/\/contraluzcucuta.co\/index.php?rest_route=\/wp\/v2\/types\/post"}],"author":[{"embeddable":true,"href":"https:\/\/contraluzcucuta.co\/index.php?rest_route=\/wp\/v2\/users\/1"}],"replies":[{"embeddable":true,"href":"https:\/\/contraluzcucuta.co\/index.php?rest_route=%2Fwp%2Fv2%2Fcomments&post=28508"}],"version-history":[{"count":1,"href":"https:\/\/contraluzcucuta.co\/index.php?rest_route=\/wp\/v2\/posts\/28508\/revisions"}],"predecessor-version":[{"id":28510,"href":"https:\/\/contraluzcucuta.co\/index.php?rest_route=\/wp\/v2\/posts\/28508\/revisions\/28510"}],"wp:featuredmedia":[{"embeddable":true,"href":"https:\/\/contraluzcucuta.co\/index.php?rest_route=\/wp\/v2\/media\/28509"}],"wp:attachment":[{"href":"https:\/\/contraluzcucuta.co\/index.php?rest_route=%2Fwp%2Fv2%2Fmedia&parent=28508"}],"wp:term":[{"taxonomy":"category","embeddable":true,"href":"https:\/\/contraluzcucuta.co\/index.php?rest_route=%2Fwp%2Fv2%2Fcategories&post=28508"},{"taxonomy":"post_tag","embeddable":true,"href":"https:\/\/contraluzcucuta.co\/index.php?rest_route=%2Fwp%2Fv2%2Ftags&post=28508"}],"curies":[{"name":"wp","href":"https:\/\/api.w.org\/{rel}","templated":true}]}}