{"id":28481,"date":"2016-10-25T20:37:02","date_gmt":"2016-10-26T01:37:02","guid":{"rendered":"http:\/\/contraluzcucuta.co\/?p=28481"},"modified":"2016-10-25T20:37:02","modified_gmt":"2016-10-26T01:37:02","slug":"secretaria-de-educacion-implementan-acondicionamiento-fisico-en-colegios","status":"publish","type":"post","link":"https:\/\/contraluzcucuta.co\/?p=28481","title":{"rendered":"SECRETAR\u00cdA DE EDUCACI\u00d3N. Implementan acondicionamiento\u00a0 f\u00edsico en colegios"},"content":{"rendered":"<p><strong>C\u00daCUTA.-<\/strong> La secretaria de educaci\u00f3n municipal Indira P\u00e9rez inici\u00f3 el programa de acondicionamiento f\u00edsico para reforzar habilidades deportivas y mejorar la motricidad en ni\u00f1os en edad preescolar y escolar en la Instituci\u00f3n Educativa Teodoro Guti\u00e9rrez<\/p>\n<p>El objetivo del programa es motivar a los m\u00e1s peque\u00f1os a la incorporaci\u00f3n de h\u00e1bitos de vida saludables, ejecutar actividades innovadoras y divertidas, para que vean en el deporte una buena opci\u00f3n para mantenerse activos, y fortalecer las habilidades motrices para mejorar el equilibrio, la coordinaci\u00f3n y la resistencia cardiovascular.<\/p>\n<p>El programa avanza en las sedes educativas Teodoro Guti\u00e9rrez, Sant\u00edsima Trinidad, Nuestra Se\u00f1ora de F\u00e1tima, Gabriel\u00a0\u00a0 Garc\u00eda\u00a0 M\u00e1rquez y Rudesindo Soto. Da cumplimiento a la pol\u00edtica nacional con\u00a0 acciones\u00a0 preventivas frente a problemas de sobrepeso y sedentarismo.<\/p>\n<p>Otro prop\u00f3sito es permitir que los ni\u00f1os fortalezcan el autoestima, la confianza y la socializaci\u00f3n en el entorno. En el proyecto participan profesionales de educaci\u00f3n f\u00edsica, fisioterapia y nutrici\u00f3n,\u00a0 personal encargado de desarrollar actividades que dan cumplimiento al Plan de Trabajo establecido por cada Instituci\u00f3n.<\/p>\n<p><strong>Foto: PRENSA ALCALD\u00cdA<\/strong><\/p>\n<p>&nbsp; <\/p>\n","protected":false},"excerpt":{"rendered":"<p>C\u00daCUTA.- La secretaria de educaci\u00f3n municipal Indira P\u00e9rez inici\u00f3 el programa de acondicionamiento f\u00edsico para reforzar habilidades deportivas y mejorar la motricidad en ni\u00f1os en edad preescolar y escolar en la Instituci\u00f3n Educativa Teodoro Guti\u00e9rrez El objetivo del programa es motivar a los m\u00e1s peque\u00f1os a la incorporaci\u00f3n de h\u00e1bitos de vida saludables, ejecutar actividades &hellip;<\/p>\n","protected":false},"author":1,"featured_media":28482,"comment_status":"open","ping_status":"open","sticky":false,"template":"","format":"standard","meta":{"footnotes":""},"categories":[2625],"tags":[3237,3202],"class_list":["post-28481","post","type-post","status-publish","format-standard","has-post-thumbnail","hentry","category-alcaldia-de-cucuta","tag-indira-perez","tag-secretaria-de-educacion-municipal"],"_links":{"self":[{"href":"https:\/\/contraluzcucuta.co\/index.php?rest_route=\/wp\/v2\/posts\/28481","targetHints":{"allow":["GET"]}}],"collection":[{"href":"https:\/\/contraluzcucuta.co\/index.php?rest_route=\/wp\/v2\/posts"}],"about":[{"href":"https:\/\/contraluzcucuta.co\/index.php?rest_route=\/wp\/v2\/types\/post"}],"author":[{"embeddable":true,"href":"https:\/\/contraluzcucuta.co\/index.php?rest_route=\/wp\/v2\/users\/1"}],"replies":[{"embeddable":true,"href":"https:\/\/contraluzcucuta.co\/index.php?rest_route=%2Fwp%2Fv2%2Fcomments&post=28481"}],"version-history":[{"count":1,"href":"https:\/\/contraluzcucuta.co\/index.php?rest_route=\/wp\/v2\/posts\/28481\/revisions"}],"predecessor-version":[{"id":28483,"href":"https:\/\/contraluzcucuta.co\/index.php?rest_route=\/wp\/v2\/posts\/28481\/revisions\/28483"}],"wp:featuredmedia":[{"embeddable":true,"href":"https:\/\/contraluzcucuta.co\/index.php?rest_route=\/wp\/v2\/media\/28482"}],"wp:attachment":[{"href":"https:\/\/contraluzcucuta.co\/index.php?rest_route=%2Fwp%2Fv2%2Fmedia&parent=28481"}],"wp:term":[{"taxonomy":"category","embeddable":true,"href":"https:\/\/contraluzcucuta.co\/index.php?rest_route=%2Fwp%2Fv2%2Fcategories&post=28481"},{"taxonomy":"post_tag","embeddable":true,"href":"https:\/\/contraluzcucuta.co\/index.php?rest_route=%2Fwp%2Fv2%2Ftags&post=28481"}],"curies":[{"name":"wp","href":"https:\/\/api.w.org\/{rel}","templated":true}]}}