{"id":28478,"date":"2016-10-25T20:15:49","date_gmt":"2016-10-26T01:15:49","guid":{"rendered":"http:\/\/contraluzcucuta.co\/?p=28478"},"modified":"2016-10-25T20:15:49","modified_gmt":"2016-10-26T01:15:49","slug":"justicia-transicional-en-pachelly-jornadas-de-atencion-integral-victimas","status":"publish","type":"post","link":"https:\/\/contraluzcucuta.co\/?p=28478","title":{"rendered":"JUSTICIA TRANSICIONAL. En Pachelly, jornadas de atenci\u00f3n integral a v\u00edctimas"},"content":{"rendered":"<p><strong>TIB\u00da\u00a0 &#8211; Norte de Santander.-<\/strong> Las comunidades rurales de Tib\u00fa, interesadas en hacer parte de las jornadas de atenci\u00f3n integral dirigidas a v\u00edctimas de desplazamiento forzado, se concentrar\u00e1n en el corregimiento Pachelly. La reuni\u00f3n ser\u00e1 del primero al 5 de noviembre.<\/p>\n<p>La Secretar\u00eda de V\u00edctimas, Paz y Posconflicto garantizar\u00e1 el acceso a las medidas de atenci\u00f3n, asistencia humanitaria y reparaci\u00f3n integral a 5000 v\u00edctimas de La Angalia, Ca\u00f1o Indio, Pachelly y veredas cercanas.<\/p>\n<p>Luis Fernando Ni\u00f1o, titular del despacho departamental, dijo que la poblaci\u00f3n de esos corregimientos, afectada por el conflicto, merece una adecuada atenci\u00f3n en los procesos de notificaci\u00f3n de la inclusi\u00f3n en el Registro \u00danico de V\u00edctimas.<\/p>\n<p>\u201cLa evaluaci\u00f3n de las familias que presentan carencias y m\u00ednimos de subsistencia, ser\u00e1 fundamental para futuras entregas de ayudas humanitarias a los m\u00e1s vulnerables\u201d, agreg\u00f3 Ni\u00f1o.<\/p>\n<p>Participar\u00e1n secretar\u00edas de despacho de la Gobernaci\u00f3n y entidades de los gobiernos regional y nacional. El encuentro servir\u00e1 para iniciar la implementaci\u00f3n de la caracterizaci\u00f3n de las v\u00edctimas, proceso que permitir\u00e1 la identificaci\u00f3n, actualizaci\u00f3n de datos y composici\u00f3n de n\u00facleos familiares.<\/p>\n<p>Se medir\u00e1n las condiciones de habitabilidad, tipo de vivienda, salud f\u00edsica y mental, estado nutricional, generaci\u00f3n de ingresos, acceso a la justicia y a las medidas de rehabilitaci\u00f3n, y goce efectivo de derechos.<\/p>\n<p>Jackeline G\u00f3mez Torres, concejala de Tib\u00fa, dijo que con estos indicadores se trabajar\u00e1 para empoderar a las v\u00edctimas, para que participen en la formulaci\u00f3n de propuestas con la Alcald\u00eda, para solucionar las necesidades en cada tema, mediante el Plan de Desarrollo local.<\/p>\n<p><strong>Foto: PRENSA GOBERNACI\u00d3N<\/strong><\/p>\n<p>&nbsp; <\/p>\n","protected":false},"excerpt":{"rendered":"<p>TIB\u00da\u00a0 &#8211; Norte de Santander.- Las comunidades rurales de Tib\u00fa, interesadas en hacer parte de las jornadas de atenci\u00f3n integral dirigidas a v\u00edctimas de desplazamiento forzado, se concentrar\u00e1n en el corregimiento Pachelly. La reuni\u00f3n ser\u00e1 del primero al 5 de noviembre. La Secretar\u00eda de V\u00edctimas, Paz y Posconflicto garantizar\u00e1 el acceso a las medidas de &hellip;<\/p>\n","protected":false},"author":1,"featured_media":28479,"comment_status":"open","ping_status":"open","sticky":false,"template":"","format":"standard","meta":{"footnotes":""},"categories":[5,32],"tags":[157,3300,279],"class_list":["post-28478","post","type-post","status-publish","format-standard","has-post-thumbnail","hentry","category-justicia-transicional","category-recorrido-por-la-region","tag-justicia-transicional-2","tag-pachelly","tag-tibu"],"_links":{"self":[{"href":"https:\/\/contraluzcucuta.co\/index.php?rest_route=\/wp\/v2\/posts\/28478","targetHints":{"allow":["GET"]}}],"collection":[{"href":"https:\/\/contraluzcucuta.co\/index.php?rest_route=\/wp\/v2\/posts"}],"about":[{"href":"https:\/\/contraluzcucuta.co\/index.php?rest_route=\/wp\/v2\/types\/post"}],"author":[{"embeddable":true,"href":"https:\/\/contraluzcucuta.co\/index.php?rest_route=\/wp\/v2\/users\/1"}],"replies":[{"embeddable":true,"href":"https:\/\/contraluzcucuta.co\/index.php?rest_route=%2Fwp%2Fv2%2Fcomments&post=28478"}],"version-history":[{"count":1,"href":"https:\/\/contraluzcucuta.co\/index.php?rest_route=\/wp\/v2\/posts\/28478\/revisions"}],"predecessor-version":[{"id":28480,"href":"https:\/\/contraluzcucuta.co\/index.php?rest_route=\/wp\/v2\/posts\/28478\/revisions\/28480"}],"wp:featuredmedia":[{"embeddable":true,"href":"https:\/\/contraluzcucuta.co\/index.php?rest_route=\/wp\/v2\/media\/28479"}],"wp:attachment":[{"href":"https:\/\/contraluzcucuta.co\/index.php?rest_route=%2Fwp%2Fv2%2Fmedia&parent=28478"}],"wp:term":[{"taxonomy":"category","embeddable":true,"href":"https:\/\/contraluzcucuta.co\/index.php?rest_route=%2Fwp%2Fv2%2Fcategories&post=28478"},{"taxonomy":"post_tag","embeddable":true,"href":"https:\/\/contraluzcucuta.co\/index.php?rest_route=%2Fwp%2Fv2%2Ftags&post=28478"}],"curies":[{"name":"wp","href":"https:\/\/api.w.org\/{rel}","templated":true}]}}