{"id":28475,"date":"2016-10-25T19:51:50","date_gmt":"2016-10-26T00:51:50","guid":{"rendered":"http:\/\/contraluzcucuta.co\/?p=28475"},"modified":"2016-10-25T19:51:50","modified_gmt":"2016-10-26T00:51:50","slug":"ufps-cultura-investigativa-en-la-iii-semana-internacional-y-xi-de-la-ciencia","status":"publish","type":"post","link":"https:\/\/contraluzcucuta.co\/?p=28475","title":{"rendered":"UFPS. Cultura investigativa en la III Semana Internacional y XI de la Ciencia  \u00a0"},"content":{"rendered":"<p><strong>C\u00daCUTA.-<\/strong> La Universidad Francisco de Paula Santander \u00a0dio inicio a la III Semana Internacional y XI Semana de Ciencia, Tecnolog\u00eda e Innovaci\u00f3n para reafirmar el compromiso con la investigaci\u00f3n. La actividad acad\u00e9mica se llevar\u00e1 a cabo del 25 al 28 de octubre y pretende ser un espacio de integraci\u00f3n entre los estudiantes de las 6 facultades institucionales.<\/p>\n<p>Los alumnos socializar\u00e1n los resultados de las investigaciones que adelantan y conocer\u00e1n la experiencia de otras instituciones regionales, nacionales e internacionales. Entre tanto, la comunidad acad\u00e9mica, los sectores productivos y la sociedad civil actualizar\u00e1n los conocimientos y reconocer\u00e1n los trabajos que desarrolla la UFPS.<\/p>\n<p>La rectora Claudia Toloza dio apertura al evento y lo defini\u00f3 como una muestra que permite conocer el impacto de la investigaci\u00f3n en la sociedad. Enfatiz\u00f3 en la importancia del compromiso que debe tener el investigador UFPS con la ciencia, la tecnolog\u00eda y la innovaci\u00f3n al ser los canales id\u00f3neos para el desarrollo como instituci\u00f3n.<\/p>\n<p>La apuesta es respaldar el fomento de la cultura investigativa y conocer experiencias de otras universidades. \u201cRatificamos la importancia de los procesos investigativos para defender que no solo aprendemos en el aula, sino trascendiendo de ella\u201d. Los resultados corresponden a un trabajo comprometido de docentes y estudiantes, de acuerdo con las \u00e1reas del conocimiento.<\/p>\n<p>El ingeniero Yesid Ojeda, gestor del programa de Energ\u00eda y Miner\u00eda, de Colciencias, socializ\u00f3 la Pol\u00edtica de Ciencia, Tecnolog\u00eda e Innovaci\u00f3n 2015-2025. El plan se fundamenta en el convencimiento que la ciencia es vital para el desarrollo econ\u00f3mico y social, al promover la formaci\u00f3n de capital humano de alto nivel, la capacidad de innovaci\u00f3n y la competitividad.<\/p>\n<p>\u201cLa gran visi\u00f3n que tenemos es que Colombia debe estar entre los tres pa\u00edses innovadores de Am\u00e9rica Latina, en el 2025. Para esto debemos empezar a producir mucho m\u00e1s conocimiento de alto impacto y es importante que las empresas le apuesten a la innovaci\u00f3n, porque esta \u00e1rea es eje de competitividad, fuente de desarrollo y aporta al crecimiento econ\u00f3mico del pa\u00eds y la regi\u00f3n\u201d.<\/p>\n<p>La Pol\u00edtica de Ciencia, Tecnolog\u00eda e Innovaci\u00f3n 2015-2025 se centra en la formaci\u00f3n de capital humano altamente calificado para:<\/p>\n<p>1.- El aumento de la productividad<\/p>\n<p>2.- El fortalecimiento de la investigaci\u00f3n y el desarrollo tecnol\u00f3gico<\/p>\n<p>3.- La promoci\u00f3n de actividades innovadoras en la empresa privada<\/p>\n<p>4.- La expansi\u00f3n de la investigaci\u00f3n cient\u00edfica en el pa\u00eds.<\/p>\n<p>El comit\u00e9 organizador ha programado para cada facultad la intervenci\u00f3n de un conferenciante internacional:<\/p>\n<p>1.- Educaci\u00f3n, Artes y Humanidades. Joan Luis Zamora Mestre, de Espa\u00f1a<\/p>\n<p>2.- Ingenier\u00eda. Marcel Mauricio Molina Monsalve, de Venezuela<\/p>\n<p>3.- Ciencias b\u00e1sicas. Feliza Ram\u00f3n Far\u00edas, de M\u00e9xico<\/p>\n<p>4.- Ciencias empresariales. Ra\u00fal Netzahualcoyotzi, de M\u00e9xico<\/p>\n<p>5.- Ciencias Agrarias y del Ambiente. Enoc Mariano Cort\u00e9s Malag\u00f3n, de M\u00e9xico<\/p>\n<p>6.- Ciencias de la salud. Jos\u00e9 Javier Echeverr\u00eda Maule\u00f3n, de Espa\u00f1a.<\/p>\n<p><strong>Foto: PRENSA UFPS<\/strong><\/p>\n<p>&nbsp; <\/p>\n","protected":false},"excerpt":{"rendered":"<p>C\u00daCUTA.- La Universidad Francisco de Paula Santander \u00a0dio inicio a la III Semana Internacional y XI Semana de Ciencia, Tecnolog\u00eda e Innovaci\u00f3n para reafirmar el compromiso con la investigaci\u00f3n. La actividad acad\u00e9mica se llevar\u00e1 a cabo del 25 al 28 de octubre y pretende ser un espacio de integraci\u00f3n entre los estudiantes de las 6 &hellip;<\/p>\n","protected":false},"author":1,"featured_media":28476,"comment_status":"open","ping_status":"open","sticky":false,"template":"","format":"standard","meta":{"footnotes":""},"categories":[74],"tags":[2597,229],"class_list":["post-28475","post","type-post","status-publish","format-standard","has-post-thumbnail","hentry","category-aula-universitaria","tag-aula-universitaria","tag-ufps"],"_links":{"self":[{"href":"https:\/\/contraluzcucuta.co\/index.php?rest_route=\/wp\/v2\/posts\/28475","targetHints":{"allow":["GET"]}}],"collection":[{"href":"https:\/\/contraluzcucuta.co\/index.php?rest_route=\/wp\/v2\/posts"}],"about":[{"href":"https:\/\/contraluzcucuta.co\/index.php?rest_route=\/wp\/v2\/types\/post"}],"author":[{"embeddable":true,"href":"https:\/\/contraluzcucuta.co\/index.php?rest_route=\/wp\/v2\/users\/1"}],"replies":[{"embeddable":true,"href":"https:\/\/contraluzcucuta.co\/index.php?rest_route=%2Fwp%2Fv2%2Fcomments&post=28475"}],"version-history":[{"count":1,"href":"https:\/\/contraluzcucuta.co\/index.php?rest_route=\/wp\/v2\/posts\/28475\/revisions"}],"predecessor-version":[{"id":28477,"href":"https:\/\/contraluzcucuta.co\/index.php?rest_route=\/wp\/v2\/posts\/28475\/revisions\/28477"}],"wp:featuredmedia":[{"embeddable":true,"href":"https:\/\/contraluzcucuta.co\/index.php?rest_route=\/wp\/v2\/media\/28476"}],"wp:attachment":[{"href":"https:\/\/contraluzcucuta.co\/index.php?rest_route=%2Fwp%2Fv2%2Fmedia&parent=28475"}],"wp:term":[{"taxonomy":"category","embeddable":true,"href":"https:\/\/contraluzcucuta.co\/index.php?rest_route=%2Fwp%2Fv2%2Fcategories&post=28475"},{"taxonomy":"post_tag","embeddable":true,"href":"https:\/\/contraluzcucuta.co\/index.php?rest_route=%2Fwp%2Fv2%2Ftags&post=28475"}],"curies":[{"name":"wp","href":"https:\/\/api.w.org\/{rel}","templated":true}]}}