{"id":28466,"date":"2016-10-23T19:53:02","date_gmt":"2016-10-24T00:53:02","guid":{"rendered":"http:\/\/contraluzcucuta.co\/?p=28466"},"modified":"2016-10-23T19:53:02","modified_gmt":"2016-10-24T00:53:02","slug":"comunidad-gobierno-pavimentacion-llegara-sectores-vulnerables","status":"publish","type":"post","link":"https:\/\/contraluzcucuta.co\/?p=28466","title":{"rendered":"COMUNIDAD GOBIERNO. Pavimentaci\u00f3n llegar\u00e1 a sectores vulnerables"},"content":{"rendered":"<p><strong>C\u00daCUTA.-<\/strong> El alcalde C\u00e9sar Rojas \u00a0visit\u00f3 los sectores Diego Jaramillo, Jer\u00f3nimo Uribe\u00a0 y Divina Pastora para inspeccionar la pavimentaci\u00f3n de calles que adelanta la administraci\u00f3n municipal mediante el programa Comunidad Gobierno.<\/p>\n<p>El Alcalde fue recibido de manera especial por la comunidad, que manifest\u00f3 gratitud por el trabajo efectuado y que culminar\u00e1 con la inauguraci\u00f3n de las calles.<\/p>\n<p>El programa Comunidad-Gobierno se adelanta con recursos propios del municipio y se cumple seg\u00fan lo estipulado en el Plan de Desarrollo. La iniciativa llegar\u00e1 a La Victoria,\u00a0 Carlos Ram\u00edrez Par\u00eds y El Contento, donde el pavimento \u00a0perdi\u00f3 la vida \u00fatil.<\/p>\n<p><strong>Foto: PRENSA ALCALD\u00cdA<\/strong> <\/p>\n","protected":false},"excerpt":{"rendered":"<p>C\u00daCUTA.- El alcalde C\u00e9sar Rojas \u00a0visit\u00f3 los sectores Diego Jaramillo, Jer\u00f3nimo Uribe\u00a0 y Divina Pastora para inspeccionar la pavimentaci\u00f3n de calles que adelanta la administraci\u00f3n municipal mediante el programa Comunidad Gobierno. El Alcalde fue recibido de manera especial por la comunidad, que manifest\u00f3 gratitud por el trabajo efectuado y que culminar\u00e1 con la inauguraci\u00f3n de &hellip;<\/p>\n","protected":false},"author":1,"featured_media":28467,"comment_status":"open","ping_status":"open","sticky":false,"template":"","format":"standard","meta":{"footnotes":""},"categories":[2625],"tags":[2924],"class_list":["post-28466","post","type-post","status-publish","format-standard","has-post-thumbnail","hentry","category-alcaldia-de-cucuta","tag-programa-comunidad-gobierno"],"_links":{"self":[{"href":"https:\/\/contraluzcucuta.co\/index.php?rest_route=\/wp\/v2\/posts\/28466","targetHints":{"allow":["GET"]}}],"collection":[{"href":"https:\/\/contraluzcucuta.co\/index.php?rest_route=\/wp\/v2\/posts"}],"about":[{"href":"https:\/\/contraluzcucuta.co\/index.php?rest_route=\/wp\/v2\/types\/post"}],"author":[{"embeddable":true,"href":"https:\/\/contraluzcucuta.co\/index.php?rest_route=\/wp\/v2\/users\/1"}],"replies":[{"embeddable":true,"href":"https:\/\/contraluzcucuta.co\/index.php?rest_route=%2Fwp%2Fv2%2Fcomments&post=28466"}],"version-history":[{"count":1,"href":"https:\/\/contraluzcucuta.co\/index.php?rest_route=\/wp\/v2\/posts\/28466\/revisions"}],"predecessor-version":[{"id":28468,"href":"https:\/\/contraluzcucuta.co\/index.php?rest_route=\/wp\/v2\/posts\/28466\/revisions\/28468"}],"wp:featuredmedia":[{"embeddable":true,"href":"https:\/\/contraluzcucuta.co\/index.php?rest_route=\/wp\/v2\/media\/28467"}],"wp:attachment":[{"href":"https:\/\/contraluzcucuta.co\/index.php?rest_route=%2Fwp%2Fv2%2Fmedia&parent=28466"}],"wp:term":[{"taxonomy":"category","embeddable":true,"href":"https:\/\/contraluzcucuta.co\/index.php?rest_route=%2Fwp%2Fv2%2Fcategories&post=28466"},{"taxonomy":"post_tag","embeddable":true,"href":"https:\/\/contraluzcucuta.co\/index.php?rest_route=%2Fwp%2Fv2%2Ftags&post=28466"}],"curies":[{"name":"wp","href":"https:\/\/api.w.org\/{rel}","templated":true}]}}