{"id":28463,"date":"2016-10-23T19:24:11","date_gmt":"2016-10-24T00:24:11","guid":{"rendered":"http:\/\/contraluzcucuta.co\/?p=28463"},"modified":"2016-10-23T19:24:11","modified_gmt":"2016-10-24T00:24:11","slug":"unipamplona-comunicacion-social-en-festival-del-norte-bravos-hijos","status":"publish","type":"post","link":"https:\/\/contraluzcucuta.co\/?p=28463","title":{"rendered":"UNIPAMPLONA. Comunicaci\u00f3n Social, en Festival del Norte Bravos Hijos"},"content":{"rendered":"<p><strong>C\u00daCUTA.-<\/strong> Estudiantes de \u00a0comunicaci\u00f3n social de la Universidad de Pamplona, campus de Villa del Rosario, participaron en el Festival del Norte Bravos Hijos \u2018Somos Historia Viva\u2019, organizado por la Fundaci\u00f3n\u00a0 Social y Cultural 5ta con 5ta Crew. La actividad cultural se cumpli\u00f3 en la Biblioteca P\u00fablica Julio P\u00e9rez Ferrero, el Parque de la Canasta y el barrio San Fernando del Rodeo.<\/p>\n<p>Los alumnos trabajaron en subgrupos para cubrir cuatro aspectos del festival. Mediante observaci\u00f3n, entrevistas, videos y fotograf\u00edas llevaron a cabo el trabajo etnogr\u00e1fico \u2018Comunicaci\u00f3n y acci\u00f3n colectiva juvenil\u2019. Los temas en los que se centraron fueron:<\/p>\n<p>1.- Escenario de resistencia juvenil- indignaci\u00f3n<\/p>\n<p>2.- Redes juveniles- participaci\u00f3n<\/p>\n<p>3.- Identidad de joven artista DHBN<\/p>\n<p>4.- Cr\u00f3nica del festival.<\/p>\n<p>\u201cLa impresi\u00f3n que queda al haber participado del III Festival del Norte Bravos Hijos &#8211; Somos Historia Viva es de total satisfacci\u00f3n\u201d, dijo Andr\u00e9s Carvajal estudiante de Comunicaci\u00f3n Social. \u201cEs vital que como estudiantes acompa\u00f1emos iniciativas de fundaciones que trabajan en pro de desarrollo e intervienen comunidades vulnerables\u201d.<\/p>\n<p>Esta aproximaci\u00f3n busca conocer la cultura del colectivo, entender las acciones y generar escenarios de participaci\u00f3n de ni\u00f1os y j\u00f3venes a trav\u00e9s del arte.<\/p>\n<p>Los estudiantes de Comunicaci\u00f3n Social esperan socializar los resultados de cada formato al finalizar el semestre.<\/p>\n<p><strong>Foto: PRENSA UNIPAMPLONA<\/strong><\/p>\n<p>&nbsp; <\/p>\n","protected":false},"excerpt":{"rendered":"<p>C\u00daCUTA.- Estudiantes de \u00a0comunicaci\u00f3n social de la Universidad de Pamplona, campus de Villa del Rosario, participaron en el Festival del Norte Bravos Hijos \u2018Somos Historia Viva\u2019, organizado por la Fundaci\u00f3n\u00a0 Social y Cultural 5ta con 5ta Crew. La actividad cultural se cumpli\u00f3 en la Biblioteca P\u00fablica Julio P\u00e9rez Ferrero, el Parque de la Canasta y &hellip;<\/p>\n","protected":false},"author":1,"featured_media":28464,"comment_status":"open","ping_status":"open","sticky":false,"template":"","format":"standard","meta":{"footnotes":""},"categories":[74],"tags":[2597,1670,161],"class_list":["post-28463","post","type-post","status-publish","format-standard","has-post-thumbnail","hentry","category-aula-universitaria","tag-aula-universitaria","tag-quinta-con-quinta","tag-universidad-de-pamplona"],"_links":{"self":[{"href":"https:\/\/contraluzcucuta.co\/index.php?rest_route=\/wp\/v2\/posts\/28463","targetHints":{"allow":["GET"]}}],"collection":[{"href":"https:\/\/contraluzcucuta.co\/index.php?rest_route=\/wp\/v2\/posts"}],"about":[{"href":"https:\/\/contraluzcucuta.co\/index.php?rest_route=\/wp\/v2\/types\/post"}],"author":[{"embeddable":true,"href":"https:\/\/contraluzcucuta.co\/index.php?rest_route=\/wp\/v2\/users\/1"}],"replies":[{"embeddable":true,"href":"https:\/\/contraluzcucuta.co\/index.php?rest_route=%2Fwp%2Fv2%2Fcomments&post=28463"}],"version-history":[{"count":1,"href":"https:\/\/contraluzcucuta.co\/index.php?rest_route=\/wp\/v2\/posts\/28463\/revisions"}],"predecessor-version":[{"id":28465,"href":"https:\/\/contraluzcucuta.co\/index.php?rest_route=\/wp\/v2\/posts\/28463\/revisions\/28465"}],"wp:featuredmedia":[{"embeddable":true,"href":"https:\/\/contraluzcucuta.co\/index.php?rest_route=\/wp\/v2\/media\/28464"}],"wp:attachment":[{"href":"https:\/\/contraluzcucuta.co\/index.php?rest_route=%2Fwp%2Fv2%2Fmedia&parent=28463"}],"wp:term":[{"taxonomy":"category","embeddable":true,"href":"https:\/\/contraluzcucuta.co\/index.php?rest_route=%2Fwp%2Fv2%2Fcategories&post=28463"},{"taxonomy":"post_tag","embeddable":true,"href":"https:\/\/contraluzcucuta.co\/index.php?rest_route=%2Fwp%2Fv2%2Ftags&post=28463"}],"curies":[{"name":"wp","href":"https:\/\/api.w.org\/{rel}","templated":true}]}}