{"id":28460,"date":"2016-10-23T19:08:55","date_gmt":"2016-10-24T00:08:55","guid":{"rendered":"http:\/\/contraluzcucuta.co\/?p=28460"},"modified":"2016-10-23T19:08:55","modified_gmt":"2016-10-24T00:08:55","slug":"concejo-de-cucuta-mecuc-explico-logros-del-grupo-elite-y-plan-espiral","status":"publish","type":"post","link":"https:\/\/contraluzcucuta.co\/?p=28460","title":{"rendered":"CONCEJO DE C\u00daCUTA. Mecuc explic\u00f3 logros del \u2018Grupo \u00c9lite\u2019 y \u2018Plan Espiral\u2019"},"content":{"rendered":"<p><strong>C\u00daCUTA.-<\/strong> Los concejales de C\u00facuta escucharon el balance de las acciones preventivas y operativas implementadas en la ciudad por la Polic\u00eda Metropolitana para fortalecer la seguridad y la convivencia ciudadanas. El encuentro se cumpli\u00f3 en el Comando de Polic\u00eda San Mateo.<\/p>\n<p>Los 19 integrantes del Concejo conocieron de primera mano los planes y las estrategias \u00a0ejecutadas en los \u00faltimos dos meses para reducir los \u00edndices de criminalidad; el seguimiento permanente a los delitos que afectan a la ciudadan\u00eda y el diagn\u00f3stico para poner en marcha planes de intervenci\u00f3n peri\u00f3dica del Grupo \u00c9lite de Tr\u00e1nsito y Transporte de la Polic\u00eda y el \u2018Plan Espiral\u2019 para la recuperaci\u00f3n del espacio p\u00fablico en el centro de la ciudad.<\/p>\n<p>La implementaci\u00f3n conjunta de las dos estrategias ha llevado a mejorar la circulaci\u00f3n, recuperar el espacio p\u00fablico en sitios priorizados y atacar los focos facilitadores de homicidios y hurtos. En la \u00faltima semana hubo una reducci\u00f3n del 86 % en los homicidios y 54 % en los hurtos.<\/p>\n<p>La implementaci\u00f3n de otras herramientas institucionales ha permitido identificar el delito que m\u00e1s ocurre, la zona y los horarios en que se dan, para direccionar las acciones preventivas, operativas y judiciales.<\/p>\n<p>Se socializ\u00f3 el \u2018Plan Padrino\u2019, programa que busca atender de manera personalizada y oportuna cualquier requerimiento, situaci\u00f3n de riesgo o amenaza que se evidencie contra los 19 concejales. El esquema se implementa con oficiales y suboficiales de la Polic\u00eda Metropolitana, enlaces permanentes con cada concejal.<\/p>\n<p>Otro asunto tratado fue el fortalecimiento de las acciones para combatir el contrabando. Los controles se extender\u00e1n a tiendas, supermercados, restaurantes y establecimientos ubicados en los barrios, para controlar la comercializaci\u00f3n de productos ilegales, entre ellos la carne.<\/p>\n<p>Los concejales manifestaron el compromiso de trabajar por la seguridad y la convivencia ciudadanas, apoyar las acciones preventivas, operativas y judiciales desplegadas por la Polic\u00eda Metropolitana de C\u00facuta y que buscan reducir los \u00edndices de criminalidad.<\/p>\n<p><strong>Foto: PRENSA MECUC<\/strong><\/p>\n<p>&nbsp; <\/p>\n","protected":false},"excerpt":{"rendered":"<p>C\u00daCUTA.- Los concejales de C\u00facuta escucharon el balance de las acciones preventivas y operativas implementadas en la ciudad por la Polic\u00eda Metropolitana para fortalecer la seguridad y la convivencia ciudadanas. El encuentro se cumpli\u00f3 en el Comando de Polic\u00eda San Mateo. Los 19 integrantes del Concejo conocieron de primera mano los planes y las estrategias &hellip;<\/p>\n","protected":false},"author":1,"featured_media":28461,"comment_status":"open","ping_status":"open","sticky":false,"template":"","format":"standard","meta":{"footnotes":""},"categories":[11,9],"tags":[197,323,163],"class_list":["post-28460","post","type-post","status-publish","format-standard","has-post-thumbnail","hentry","category-cronica-roja","category-politica","tag-concejo-de-cucuta","tag-mecuc","tag-policia-metropolitana"],"_links":{"self":[{"href":"https:\/\/contraluzcucuta.co\/index.php?rest_route=\/wp\/v2\/posts\/28460","targetHints":{"allow":["GET"]}}],"collection":[{"href":"https:\/\/contraluzcucuta.co\/index.php?rest_route=\/wp\/v2\/posts"}],"about":[{"href":"https:\/\/contraluzcucuta.co\/index.php?rest_route=\/wp\/v2\/types\/post"}],"author":[{"embeddable":true,"href":"https:\/\/contraluzcucuta.co\/index.php?rest_route=\/wp\/v2\/users\/1"}],"replies":[{"embeddable":true,"href":"https:\/\/contraluzcucuta.co\/index.php?rest_route=%2Fwp%2Fv2%2Fcomments&post=28460"}],"version-history":[{"count":1,"href":"https:\/\/contraluzcucuta.co\/index.php?rest_route=\/wp\/v2\/posts\/28460\/revisions"}],"predecessor-version":[{"id":28462,"href":"https:\/\/contraluzcucuta.co\/index.php?rest_route=\/wp\/v2\/posts\/28460\/revisions\/28462"}],"wp:featuredmedia":[{"embeddable":true,"href":"https:\/\/contraluzcucuta.co\/index.php?rest_route=\/wp\/v2\/media\/28461"}],"wp:attachment":[{"href":"https:\/\/contraluzcucuta.co\/index.php?rest_route=%2Fwp%2Fv2%2Fmedia&parent=28460"}],"wp:term":[{"taxonomy":"category","embeddable":true,"href":"https:\/\/contraluzcucuta.co\/index.php?rest_route=%2Fwp%2Fv2%2Fcategories&post=28460"},{"taxonomy":"post_tag","embeddable":true,"href":"https:\/\/contraluzcucuta.co\/index.php?rest_route=%2Fwp%2Fv2%2Ftags&post=28460"}],"curies":[{"name":"wp","href":"https:\/\/api.w.org\/{rel}","templated":true}]}}