{"id":28454,"date":"2016-10-23T17:48:53","date_gmt":"2016-10-23T22:48:53","guid":{"rendered":"http:\/\/contraluzcucuta.co\/?p=28454"},"modified":"2016-10-23T17:48:53","modified_gmt":"2016-10-23T22:48:53","slug":"afrodescendientes-conformada-comision-consultiva-de-norte-de-santander","status":"publish","type":"post","link":"https:\/\/contraluzcucuta.co\/?p=28454","title":{"rendered":"AFRODESCENDIENTES. Conformada Comisi\u00f3n Consultiva de Norte de Santander"},"content":{"rendered":"<p><strong>C\u00daCUTA.-<\/strong> Norte de Santander, por primera vez, cuenta con la Comisi\u00f3n Consultiva de Comunidades Negras, Raizares, Palenqueras y Afrocolombianas para tomar decisiones conforme a las necesidades y los beneficios de esas poblaciones.<\/p>\n<p>Veinte voceros de 11 asociaciones conforman el grupo de trabajo, \u00a0que ser\u00e1 aprovechado para dar a conocer las propuestas de los afrodescendientes.<\/p>\n<p>\u201cEsperamos que la administraci\u00f3n departamental nos d\u00e9 la oportunidad de presentar proyectos productivos para nuestra comunidad\u201d, dijo Mariana Castillo, representante de la asociaci\u00f3n Ser Negro es M\u00e1s Sabroso.<\/p>\n<p>El primero de noviembre ser\u00e1 la posesi\u00f3n de los integrantes de la Comisi\u00f3n, que se reunir\u00e1 dos veces al a\u00f1o y de manera extraordinaria, cuando sea necesario. El 26 de octubre, sostendr\u00e1n un encuentro para establecer el reglamento interno que regir\u00e1 en las decisiones y el desarrollo de los temas.<\/p>\n<p>Las asociaciones elegidas son las siguientes:<\/p>\n<p>1.- Ser Negro es M\u00e1s Sabroso<\/p>\n<p>2.- Comit\u00e9 Independiente de Afrodescendientes de Tib\u00fa<\/p>\n<p>3.- Asociaci\u00f3n de Afrodescendientes de Chin\u00e1cota (Chinafro)<\/p>\n<p>4.- Consejo Comunitario de Los Patios (Coafropat)<\/p>\n<p>5.- Centro Nacional de Autoreconocimiento Afro (Cenafro)<\/p>\n<p>6.- Consejo Afrocolombiano de El Zulia<\/p>\n<p>7.- Asociaci\u00f3n de Palenqueros<\/p>\n<p>8.- Proyecto Cultural Afrodescendientes (PCA)<\/p>\n<p>9.- Consejo Comunitario Afrodescendientes La Esperanza (Coafroes)<\/p>\n<p>10.- Asociaci\u00f3n Comunidades Negras (Aconens)<\/p>\n<p>11.- Asociaci\u00f3n de Afrocolombianos (Asoafronort).<\/p>\n<p><strong>Foto: PRENSA GOBERNACI\u00d3N.<\/strong><\/p>\n<p>&nbsp;<\/p>\n<p>&nbsp; <\/p>\n","protected":false},"excerpt":{"rendered":"<p>C\u00daCUTA.- Norte de Santander, por primera vez, cuenta con la Comisi\u00f3n Consultiva de Comunidades Negras, Raizares, Palenqueras y Afrocolombianas para tomar decisiones conforme a las necesidades y los beneficios de esas poblaciones. Veinte voceros de 11 asociaciones conforman el grupo de trabajo, \u00a0que ser\u00e1 aprovechado para dar a conocer las propuestas de los afrodescendientes. \u201cEsperamos &hellip;<\/p>\n","protected":false},"author":1,"featured_media":28455,"comment_status":"open","ping_status":"open","sticky":false,"template":"","format":"standard","meta":{"footnotes":""},"categories":[4,2630],"tags":[3298,3297],"class_list":["post-28454","post","type-post","status-publish","format-standard","has-post-thumbnail","hentry","category-barra","category-gobernacion","tag-comision-consultiva-de-comunidades-negras","tag-comunidades-afrondescendientes"],"_links":{"self":[{"href":"https:\/\/contraluzcucuta.co\/index.php?rest_route=\/wp\/v2\/posts\/28454","targetHints":{"allow":["GET"]}}],"collection":[{"href":"https:\/\/contraluzcucuta.co\/index.php?rest_route=\/wp\/v2\/posts"}],"about":[{"href":"https:\/\/contraluzcucuta.co\/index.php?rest_route=\/wp\/v2\/types\/post"}],"author":[{"embeddable":true,"href":"https:\/\/contraluzcucuta.co\/index.php?rest_route=\/wp\/v2\/users\/1"}],"replies":[{"embeddable":true,"href":"https:\/\/contraluzcucuta.co\/index.php?rest_route=%2Fwp%2Fv2%2Fcomments&post=28454"}],"version-history":[{"count":1,"href":"https:\/\/contraluzcucuta.co\/index.php?rest_route=\/wp\/v2\/posts\/28454\/revisions"}],"predecessor-version":[{"id":28456,"href":"https:\/\/contraluzcucuta.co\/index.php?rest_route=\/wp\/v2\/posts\/28454\/revisions\/28456"}],"wp:featuredmedia":[{"embeddable":true,"href":"https:\/\/contraluzcucuta.co\/index.php?rest_route=\/wp\/v2\/media\/28455"}],"wp:attachment":[{"href":"https:\/\/contraluzcucuta.co\/index.php?rest_route=%2Fwp%2Fv2%2Fmedia&parent=28454"}],"wp:term":[{"taxonomy":"category","embeddable":true,"href":"https:\/\/contraluzcucuta.co\/index.php?rest_route=%2Fwp%2Fv2%2Fcategories&post=28454"},{"taxonomy":"post_tag","embeddable":true,"href":"https:\/\/contraluzcucuta.co\/index.php?rest_route=%2Fwp%2Fv2%2Ftags&post=28454"}],"curies":[{"name":"wp","href":"https:\/\/api.w.org\/{rel}","templated":true}]}}