{"id":28451,"date":"2016-10-23T17:28:33","date_gmt":"2016-10-23T22:28:33","guid":{"rendered":"http:\/\/contraluzcucuta.co\/?p=28451"},"modified":"2016-10-23T17:28:33","modified_gmt":"2016-10-23T22:28:33","slug":"carta-santos-mas-cabida-institucional-y-progresista-la-frontera","status":"publish","type":"post","link":"https:\/\/contraluzcucuta.co\/?p=28451","title":{"rendered":"CARTA A SANTOS. M\u00e1s cabida institucional\u00a0 y progresista a la frontera"},"content":{"rendered":"<p>Respetuosa petici\u00f3n en procura de paz, representaci\u00f3n y desarrollo de los habitantes\u00a0 en las regiones de\u00a0 frontera\u00a0 y\u00a0 las islas, en los oc\u00e9anos\u00a0 Atl\u00e1ntico y Pacifico, que representan el 53 % del territorio nacional,\u00a0 y que ans\u00edan y requieren un mayor respaldo y atenci\u00f3n mediante el establecimiento de incentivos y est\u00edmulos que permitan incrementar la seguridad y la paz, y\u00a0 activar\u00a0 acciones de progreso y verdadero desarrollo en estas fajas territoriales, para estimular y consolidar la paz, la integraci\u00f3n nacional\u00a0 y aut\u00e9nticos prospectos integracionistas para\u00a0 que en lo binacional e internacional la noci\u00f3n de frontera constituya una referencia\u00a0 de significativo alcance.<\/p>\n<p>Se\u00f1or Presidente:<\/p>\n<p>Quienes por vinculaci\u00f3n\u00a0 y permanente participaci\u00f3n hemos tratado de activar planes y\u00a0 prospectos que den impulso y permitan la creaci\u00f3n de empleos y el aprovechamiento de las posibilidades y las ventajas comparativas que registran estas \u00e1reas y zonas de especial ubicaci\u00f3n\u00a0 y\u00a0 trascendencia geopol\u00edtica, social y econ\u00f3mica, como a usted le consta, dada la importancia de las argumentaciones, peticiones y reclamos\u00a0 formales que se han interpuesto, pero que\u00a0 no han logrado conjugar un pleno y permanente apoyo y respaldo para su desarrollo y avance, nos lleva de manera franca y sincera a pedir en nombre de sus pobladores y de quienes comprenden y valoran el gran significado y alcance de estas regiones perimetrales y lim\u00edtrofes con los pa\u00edses y estados que hist\u00f3ricamente han conformado con nosotros las nociones de patria y de naciones en procura de progreso y desarrollo muy respetuosamente, le solicitamos su asistencia y ayuda para que mediante disposiciones al\u00a0 alcance del Ejecutivo y del Congreso de la Rep\u00fablica -en lo Legislativo \u2013 y mediante acuerdos y convenios binacionales fronterizos se proceda a otorgarle m\u00e1s cabida institucional\u00a0 y progresista a estas fajas territoriales para que\u00a0 sus pobladores superen el atraso existente mediante:<\/p>\n<p>A- La creaci\u00f3n y la vigencia de una\u00a0\u00a0 comisi\u00f3n\u00a0\u00a0 especial y extraordinaria de fronteras, compuesta por la m\u00e1s leg\u00edtima y autorizada\u00a0 representaci\u00f3n para que se proceda a la planeaci\u00f3n y apoyo\u00a0 a la paz y\u00a0 al desarrollo de estas regiones marginales y abandonadas de nuestra naci\u00f3n. Y para que,\u00a0 a su vez, la naci\u00f3n coparticipe y se asocie con la vivencia\u00a0 fronteriza y las interrelaciones\u00a0 que establezcan los estados vecinos con los mismos anhelos y\u00a0 prop\u00f3sitos.<\/p>\n<p>B- Para plasmar en hechos las conclusiones que sobre diferentes tem\u00e1ticas o situaciones se determine actuar, coordinar y\u00a0\u00a0 ejecutar, mediante\u00a0 labores y empe\u00f1os a nacionales\u00a0 y binacionales, dar cabida y constante presencia y participaci\u00f3n a\u00a0 la gente de estas regiones perimetrales y a las prioridades nacionales, mediante la\u00a0 creaci\u00f3n del Ministerio de Fronteras.<\/p>\n<p>Convencidos de la importancia\u00a0 y respuestas que generar\u00eda un nuevo despertar y asistencia sobre las \u00e1reas y zonas fronterizas, dado el inter\u00e9s de Colombia, en la conformaci\u00f3n y estructuraci\u00f3n de nuevas conductas y mecanismos, le reiteramos la mayor voluntad y deseos de servicio de la Corporaci\u00f3n Acci\u00f3n Nortesantandereana y Fronteriza \u00a0(Canyfron), que ha entregado a las canciller\u00edas de Colombia y Venezuela la propuesta de crear parques industriales y tecnol\u00f3gicos, zonas francas especializadas\u00a0 y una zona aduanera para maquila, al comprender que uno de los mayores problemas radica en el desempleo, por la falta de v\u00edas y servicios y el no trabajar unidos y en equipo para\u00a0 aprovechar las ventajas comparativas de productos existentes y en especial de la ubicaci\u00f3n geoestrat\u00e9gica ante el mundo.<\/p>\n<p>Confiados en ser escuchados, tenga la plena certidumbre, que este incursionar sobre m\u00e1s de la mitad de Colombia es \u00a0de gran importancia y\u00a0 proyecci\u00f3n en los prospectos integracionistas de Colombia ante el mundo.<\/p>\n<p>Atentamente,<\/p>\n<p><strong>JOS\u00c9 NEIRA REY<\/strong><\/p>\n<p>Presidente de la\u00a0 Corporaci\u00f3n Acci\u00f3n Nortesantandereana Y Fronteriza (Canyfron)\u00a0 y de la\u00a0 Corporaci\u00f3n Fronteras de Colombia (Colfronteras).<\/p>\n<p><a href=\"mailto:canyfron@gmail.com\">canyfron@gmail.com<\/a><\/p>\n<p><a href=\"mailto:colfronteras@hotmail.com\">colfronteras@hotmail.com<\/a><\/p>\n<p><a href=\"mailto:jneirarey@hotmail.com\">jneirarey@hotmail.com<\/a><\/p>\n<p>Foto: TOMADA DE INTERNET <\/p>\n","protected":false},"excerpt":{"rendered":"<p>Respetuosa petici\u00f3n en procura de paz, representaci\u00f3n y desarrollo de los habitantes\u00a0 en las regiones de\u00a0 frontera\u00a0 y\u00a0 las islas, en los oc\u00e9anos\u00a0 Atl\u00e1ntico y Pacifico, que representan el 53 % del territorio nacional,\u00a0 y que ans\u00edan y requieren un mayor respaldo y atenci\u00f3n mediante el establecimiento de incentivos y est\u00edmulos que permitan incrementar la &hellip;<\/p>\n","protected":false},"author":1,"featured_media":28452,"comment_status":"open","ping_status":"open","sticky":false,"template":"","format":"standard","meta":{"footnotes":""},"categories":[14,4],"tags":[382,324,956],"class_list":["post-28451","post","type-post","status-publish","format-standard","has-post-thumbnail","hentry","category-articulistas","category-barra","tag-jose-neira","tag-juan-manuel-santos","tag-notas-al-margen"],"_links":{"self":[{"href":"https:\/\/contraluzcucuta.co\/index.php?rest_route=\/wp\/v2\/posts\/28451","targetHints":{"allow":["GET"]}}],"collection":[{"href":"https:\/\/contraluzcucuta.co\/index.php?rest_route=\/wp\/v2\/posts"}],"about":[{"href":"https:\/\/contraluzcucuta.co\/index.php?rest_route=\/wp\/v2\/types\/post"}],"author":[{"embeddable":true,"href":"https:\/\/contraluzcucuta.co\/index.php?rest_route=\/wp\/v2\/users\/1"}],"replies":[{"embeddable":true,"href":"https:\/\/contraluzcucuta.co\/index.php?rest_route=%2Fwp%2Fv2%2Fcomments&post=28451"}],"version-history":[{"count":1,"href":"https:\/\/contraluzcucuta.co\/index.php?rest_route=\/wp\/v2\/posts\/28451\/revisions"}],"predecessor-version":[{"id":28453,"href":"https:\/\/contraluzcucuta.co\/index.php?rest_route=\/wp\/v2\/posts\/28451\/revisions\/28453"}],"wp:featuredmedia":[{"embeddable":true,"href":"https:\/\/contraluzcucuta.co\/index.php?rest_route=\/wp\/v2\/media\/28452"}],"wp:attachment":[{"href":"https:\/\/contraluzcucuta.co\/index.php?rest_route=%2Fwp%2Fv2%2Fmedia&parent=28451"}],"wp:term":[{"taxonomy":"category","embeddable":true,"href":"https:\/\/contraluzcucuta.co\/index.php?rest_route=%2Fwp%2Fv2%2Fcategories&post=28451"},{"taxonomy":"post_tag","embeddable":true,"href":"https:\/\/contraluzcucuta.co\/index.php?rest_route=%2Fwp%2Fv2%2Ftags&post=28451"}],"curies":[{"name":"wp","href":"https:\/\/api.w.org\/{rel}","templated":true}]}}