{"id":28410,"date":"2016-10-16T15:49:34","date_gmt":"2016-10-16T20:49:34","guid":{"rendered":"http:\/\/contraluzcucuta.co\/?p=28410"},"modified":"2016-10-16T15:49:34","modified_gmt":"2016-10-16T20:49:34","slug":"notas-al-margen-quienes-defienden-y-proyectan-las-fronteras","status":"publish","type":"post","link":"https:\/\/contraluzcucuta.co\/?p=28410","title":{"rendered":"NOTAS AL MARGEN. \u00bfQui\u00e9nes defienden y proyectan las fronteras?"},"content":{"rendered":"<p>1.- Las fronteras colombianas son el 53 por ciento del territorio nacional y coincidentes con las \u00e1reas lim\u00edtrofes de los pa\u00edses que por origen, vecindad e historial social, econ\u00f3mico y pol\u00edtico \u00a0son signos y fuentes de constante referencia por la importancia y la trascendencia de lo que son y pueden ser en la compleja realidad y vivencia de nuestro mundo, pese a su valor siguen siendo unas \u00e1reas y zonas marginales y abandonadas, cuando surgen las tem\u00e1ticas y acciones que conmocionan la estructura funcional\u00a0 y operativa de las naciones que se codean con Colombia.<\/p>\n<p>2.- Es tan evidente y cierta esa omisi\u00f3n, que cuando se habla o discute de integraci\u00f3n y de acercamientos binacionales o de mayor esencia y naturaleza se produce en los altos niveles, como un sopor o trabamiento de empe\u00f1os, porque toda propuesta, sugerencia o insinuaci\u00f3n queda \u00a0en suspenso o a la deriva, por el influjo de otros empe\u00f1os o tem\u00e1ticas que relegan a segundos, terceros y m\u00e1s precarios planos lo correspondiente al aprovechamiento conjunto de posibilidades en lo referente a la creaci\u00f3n de programas, planes y proyectos que estimulen la producci\u00f3n, la creaci\u00f3n de empleos, la investigaci\u00f3n y la capacitaci\u00f3n, as\u00ed como la introducci\u00f3n \u00a0a la obligante gesti\u00f3n y compromiso de velar por la suerte del planeta y de la humanidad, ante los cambios y las variantes que provocan el agua, el clima, la producci\u00f3n de alimentos y la situaci\u00f3n de la humanidad.<\/p>\n<p>3.- Formulamos desde esta frontera central con Venezuela &#8211; \u00a0que lleva m\u00e1s de un a\u00f1o en el m\u00e1s incre\u00edble manejo y desatino por la desatenci\u00f3n e indiferencia de los organismos centrales que dominan el panorama p\u00fablico \u2013 el m\u00e1s clamoroso llamamiento a los dirigentes nacionales de los estados para que valoren y entiendan que las fronteras no son los reductos de los grandes \u00a0espacios, sino las \u00e1reas que por ubicaci\u00f3n e importancia geopol\u00edtica, econ\u00f3mica, social y de proyecci\u00f3n internacional son, con pobladores \u00a0y cooperadores, verdaderos n\u00facleos\u00a0integracionistas,\u00a0por\u00a0\u00a0el empe\u00f1o de sacar adelante \u00a0las ventajas comparativas y opciones que poseen, dentro de una noci\u00f3n m\u00e1s amplia, real\u00a0 y valedera, como es el mutuo compartir de propuestas e iniciativas que revitalicen la noci\u00f3n de patria, fraternidad, paz, progreso y desarrollo constante.<\/p>\n<p>Ojal\u00e1 que ante las obligantes perspectivas que acompa\u00f1an a toda iniciativa o proyecto, que comprometa el sentido de avanzar y procurar una mayor felicidad, lo que corresponde y es clave para la uni\u00f3n, como son las fronteras, estas sean plenamente comprendidas y valoradas por lo que constituyen y representan para variar, as\u00ed, el triste y lamentable espect\u00e1culo diario de miles de transe\u00fantes \u00a0que afanosamente, ans\u00edan, hallar albergue, alimentaci\u00f3n y la tranquilizadora paz de saber que se hallan en un territorio \u00a0integrador y de progreso.<\/p>\n<p>S\u00ed, es de esperar y con fe, que estos territorios y sus pobladores sean escuchados y\u00a0 atendidos.<\/p>\n<p><strong>JOS\u00c9 NEIRA REY<\/strong><\/p>\n<p><strong>Foto: Noticias Venezuela 24<\/strong><\/p>\n<p>&nbsp;<\/p>\n<p>&nbsp; <\/p>\n","protected":false},"excerpt":{"rendered":"<p>1.- Las fronteras colombianas son el 53 por ciento del territorio nacional y coincidentes con las \u00e1reas lim\u00edtrofes de los pa\u00edses que por origen, vecindad e historial social, econ\u00f3mico y pol\u00edtico \u00a0son signos y fuentes de constante referencia por la importancia y la trascendencia de lo que son y pueden ser en la compleja realidad &hellip;<\/p>\n","protected":false},"author":1,"featured_media":28411,"comment_status":"open","ping_status":"open","sticky":false,"template":"","format":"standard","meta":{"footnotes":""},"categories":[14,4],"tags":[1569,382,956],"class_list":["post-28410","post","type-post","status-publish","format-standard","has-post-thumbnail","hentry","category-articulistas","category-barra","tag-cierre-de-frontera-colombo-venezolana","tag-jose-neira","tag-notas-al-margen"],"_links":{"self":[{"href":"https:\/\/contraluzcucuta.co\/index.php?rest_route=\/wp\/v2\/posts\/28410","targetHints":{"allow":["GET"]}}],"collection":[{"href":"https:\/\/contraluzcucuta.co\/index.php?rest_route=\/wp\/v2\/posts"}],"about":[{"href":"https:\/\/contraluzcucuta.co\/index.php?rest_route=\/wp\/v2\/types\/post"}],"author":[{"embeddable":true,"href":"https:\/\/contraluzcucuta.co\/index.php?rest_route=\/wp\/v2\/users\/1"}],"replies":[{"embeddable":true,"href":"https:\/\/contraluzcucuta.co\/index.php?rest_route=%2Fwp%2Fv2%2Fcomments&post=28410"}],"version-history":[{"count":1,"href":"https:\/\/contraluzcucuta.co\/index.php?rest_route=\/wp\/v2\/posts\/28410\/revisions"}],"predecessor-version":[{"id":28412,"href":"https:\/\/contraluzcucuta.co\/index.php?rest_route=\/wp\/v2\/posts\/28410\/revisions\/28412"}],"wp:featuredmedia":[{"embeddable":true,"href":"https:\/\/contraluzcucuta.co\/index.php?rest_route=\/wp\/v2\/media\/28411"}],"wp:attachment":[{"href":"https:\/\/contraluzcucuta.co\/index.php?rest_route=%2Fwp%2Fv2%2Fmedia&parent=28410"}],"wp:term":[{"taxonomy":"category","embeddable":true,"href":"https:\/\/contraluzcucuta.co\/index.php?rest_route=%2Fwp%2Fv2%2Fcategories&post=28410"},{"taxonomy":"post_tag","embeddable":true,"href":"https:\/\/contraluzcucuta.co\/index.php?rest_route=%2Fwp%2Fv2%2Ftags&post=28410"}],"curies":[{"name":"wp","href":"https:\/\/api.w.org\/{rel}","templated":true}]}}