{"id":28407,"date":"2016-10-16T11:11:05","date_gmt":"2016-10-16T16:11:05","guid":{"rendered":"http:\/\/contraluzcucuta.co\/?p=28407"},"modified":"2016-10-16T11:11:05","modified_gmt":"2016-10-16T16:11:05","slug":"bienestar-social-feria-empresarial-del-adulto-mayor","status":"publish","type":"post","link":"https:\/\/contraluzcucuta.co\/?p=28407","title":{"rendered":"BIENESTAR SOCIAL. Feria empresarial del adulto mayor"},"content":{"rendered":"<p><strong>C\u00daCUTA.-<\/strong> El Departamento Administrativo de Bienestar Social organiz\u00f3 la Feria Empresarial del Adulto Mayor, en el centro comercial Unicentro. En la muestra 12 asociaciones exhibieron manualidades, bisuter\u00eda y art\u00edculos navide\u00f1os, entre otros productos.<\/p>\n<p>Iniciativa fue impulsada por la administraci\u00f3n municipal, Bienestar Social y la Corporaci\u00f3n Vida, que ser\u00e1\u00a0 la encargada de capacitar a los adultos mayores de las asociaciones legalmente constituidas.<\/p>\n<p>Tel\u00e9sforo Blanco manifest\u00f3 que \u201cnuestra prioridad es y ser\u00e1n las personas de las tercera edad,\u00a0 poblaci\u00f3n vulnerable que necesita del apoyo y\u00a0 mano amiga de la institucionalidad\u201d.<\/p>\n<p><strong>Foto: PRENSA ALCALD\u00cdA<\/strong><\/p>\n<p>&nbsp; <\/p>\n","protected":false},"excerpt":{"rendered":"<p>C\u00daCUTA.- El Departamento Administrativo de Bienestar Social organiz\u00f3 la Feria Empresarial del Adulto Mayor, en el centro comercial Unicentro. En la muestra 12 asociaciones exhibieron manualidades, bisuter\u00eda y art\u00edculos navide\u00f1os, entre otros productos. Iniciativa fue impulsada por la administraci\u00f3n municipal, Bienestar Social y la Corporaci\u00f3n Vida, que ser\u00e1\u00a0 la encargada de capacitar a los adultos &hellip;<\/p>\n","protected":false},"author":1,"featured_media":28408,"comment_status":"open","ping_status":"open","sticky":false,"template":"","format":"standard","meta":{"footnotes":""},"categories":[2625],"tags":[226,1905,2634],"class_list":["post-28407","post","type-post","status-publish","format-standard","has-post-thumbnail","hentry","category-alcaldia-de-cucuta","tag-alcaldia-de-cucuta","tag-departamento-administrativo-de-bienestar-social-y-programas-especiales","tag-telesforo-blanco"],"_links":{"self":[{"href":"https:\/\/contraluzcucuta.co\/index.php?rest_route=\/wp\/v2\/posts\/28407","targetHints":{"allow":["GET"]}}],"collection":[{"href":"https:\/\/contraluzcucuta.co\/index.php?rest_route=\/wp\/v2\/posts"}],"about":[{"href":"https:\/\/contraluzcucuta.co\/index.php?rest_route=\/wp\/v2\/types\/post"}],"author":[{"embeddable":true,"href":"https:\/\/contraluzcucuta.co\/index.php?rest_route=\/wp\/v2\/users\/1"}],"replies":[{"embeddable":true,"href":"https:\/\/contraluzcucuta.co\/index.php?rest_route=%2Fwp%2Fv2%2Fcomments&post=28407"}],"version-history":[{"count":1,"href":"https:\/\/contraluzcucuta.co\/index.php?rest_route=\/wp\/v2\/posts\/28407\/revisions"}],"predecessor-version":[{"id":28409,"href":"https:\/\/contraluzcucuta.co\/index.php?rest_route=\/wp\/v2\/posts\/28407\/revisions\/28409"}],"wp:featuredmedia":[{"embeddable":true,"href":"https:\/\/contraluzcucuta.co\/index.php?rest_route=\/wp\/v2\/media\/28408"}],"wp:attachment":[{"href":"https:\/\/contraluzcucuta.co\/index.php?rest_route=%2Fwp%2Fv2%2Fmedia&parent=28407"}],"wp:term":[{"taxonomy":"category","embeddable":true,"href":"https:\/\/contraluzcucuta.co\/index.php?rest_route=%2Fwp%2Fv2%2Fcategories&post=28407"},{"taxonomy":"post_tag","embeddable":true,"href":"https:\/\/contraluzcucuta.co\/index.php?rest_route=%2Fwp%2Fv2%2Ftags&post=28407"}],"curies":[{"name":"wp","href":"https:\/\/api.w.org\/{rel}","templated":true}]}}