{"id":28365,"date":"2016-10-09T17:01:08","date_gmt":"2016-10-09T22:01:08","guid":{"rendered":"http:\/\/contraluzcucuta.co\/?p=28365"},"modified":"2016-10-09T17:01:08","modified_gmt":"2016-10-09T22:01:08","slug":"bombo-y-platillos-instituto-la-esperanza-formara-agrupacion-musical","status":"publish","type":"post","link":"https:\/\/contraluzcucuta.co\/?p=28365","title":{"rendered":"BOMBO Y PLATILLOS. Instituto La Esperanza formar\u00e1 agrupaci\u00f3n musical"},"content":{"rendered":"<p><strong>C\u00daCUTA.-<\/strong> Los ni\u00f1os del Instituto La Esperanza, que hacen parte de la poblaci\u00f3n con discapacidad en la ciudad, tendr\u00e1n agrupaci\u00f3n musical propia. La Gobernaci\u00f3n de Norte de Santander y la Fundaci\u00f3n Fempes se unieron para dotarlos \u00a0con instrumentos musicales<\/p>\n<p>La gestora social Cecilia Soler entreg\u00f3 los elementos a la instituci\u00f3n, para la creaci\u00f3n del grupo musical. La petici\u00f3n la hizo Ana Helena de Camargo, representante legal del instituto y ahora cuentan con bombos, redoblantes, baquetas, batuta, platillos, panderetas, charrasca y bongos.<\/p>\n<p>En el internado La Esperanza viven 70 ni\u00f1os, de los cuales 20 hacen parte del proceso de formaci\u00f3n en m\u00fasica. La banda ha sido creada por los encargados del \u00e1rea de m\u00fasica, que descubrieron mediante juegos que la terapia l\u00fadica y musical es ben\u00e9fica para los ni\u00f1os.<\/p>\n<p>Desde el momento que lleg\u00f3 la petici\u00f3n al despacho de la gestora social \u00a0se inici\u00f3 el proceso para adquirirlos, en conjunto con la Secretar\u00eda de Cultura y la Fundaci\u00f3n Fempes. \u201cSabemos que ni\u00f1os y adolescentes tienen una posibilidad de mejoramiento de calidad de vida\u201d, dijo Cecilia Soler.<\/p>\n<p>El secretario de Cultura de Norte de Santander, C\u00e9sar Ricardo Rojas, ratific\u00f3 el compromiso y el deseo de apoyar los procesos de formaci\u00f3n para el fortalecimiento de la educaci\u00f3n musical en la regi\u00f3n.<\/p>\n<p><strong>Foto: PRENSA GOBERNACI\u00d3N<\/strong><\/p>\n<p>&nbsp; <\/p>\n","protected":false},"excerpt":{"rendered":"<p>C\u00daCUTA.- Los ni\u00f1os del Instituto La Esperanza, que hacen parte de la poblaci\u00f3n con discapacidad en la ciudad, tendr\u00e1n agrupaci\u00f3n musical propia. La Gobernaci\u00f3n de Norte de Santander y la Fundaci\u00f3n Fempes se unieron para dotarlos \u00a0con instrumentos musicales La gestora social Cecilia Soler entreg\u00f3 los elementos a la instituci\u00f3n, para la creaci\u00f3n del grupo &hellip;<\/p>\n","protected":false},"author":1,"featured_media":28366,"comment_status":"open","ping_status":"open","sticky":false,"template":"","format":"standard","meta":{"footnotes":""},"categories":[2630,37],"tags":[3273,3274,1835],"class_list":["post-28365","post","type-post","status-publish","format-standard","has-post-thumbnail","hentry","category-gobernacion","category-paseo-cultural","tag-fundacion-fempes","tag-instituto-la-esperanza","tag-secretaria-de-cultura"],"_links":{"self":[{"href":"https:\/\/contraluzcucuta.co\/index.php?rest_route=\/wp\/v2\/posts\/28365","targetHints":{"allow":["GET"]}}],"collection":[{"href":"https:\/\/contraluzcucuta.co\/index.php?rest_route=\/wp\/v2\/posts"}],"about":[{"href":"https:\/\/contraluzcucuta.co\/index.php?rest_route=\/wp\/v2\/types\/post"}],"author":[{"embeddable":true,"href":"https:\/\/contraluzcucuta.co\/index.php?rest_route=\/wp\/v2\/users\/1"}],"replies":[{"embeddable":true,"href":"https:\/\/contraluzcucuta.co\/index.php?rest_route=%2Fwp%2Fv2%2Fcomments&post=28365"}],"version-history":[{"count":1,"href":"https:\/\/contraluzcucuta.co\/index.php?rest_route=\/wp\/v2\/posts\/28365\/revisions"}],"predecessor-version":[{"id":28367,"href":"https:\/\/contraluzcucuta.co\/index.php?rest_route=\/wp\/v2\/posts\/28365\/revisions\/28367"}],"wp:featuredmedia":[{"embeddable":true,"href":"https:\/\/contraluzcucuta.co\/index.php?rest_route=\/wp\/v2\/media\/28366"}],"wp:attachment":[{"href":"https:\/\/contraluzcucuta.co\/index.php?rest_route=%2Fwp%2Fv2%2Fmedia&parent=28365"}],"wp:term":[{"taxonomy":"category","embeddable":true,"href":"https:\/\/contraluzcucuta.co\/index.php?rest_route=%2Fwp%2Fv2%2Fcategories&post=28365"},{"taxonomy":"post_tag","embeddable":true,"href":"https:\/\/contraluzcucuta.co\/index.php?rest_route=%2Fwp%2Fv2%2Ftags&post=28365"}],"curies":[{"name":"wp","href":"https:\/\/api.w.org\/{rel}","templated":true}]}}