{"id":28356,"date":"2016-10-05T22:18:07","date_gmt":"2016-10-06T03:18:07","guid":{"rendered":"http:\/\/contraluzcucuta.co\/?p=28356"},"modified":"2016-10-05T22:18:07","modified_gmt":"2016-10-06T03:18:07","slug":"si-se-puede-tv-alcaldia-de-cucuta-presento-programa-institucional","status":"publish","type":"post","link":"https:\/\/contraluzcucuta.co\/?p=28356","title":{"rendered":"\u2018S\u00cd SE PUEDE TV\u2019. Alcald\u00eda de C\u00facuta present\u00f3 programa institucional"},"content":{"rendered":"<p><strong>C\u00daCUTA.-<\/strong> El programa institucional \u2018S\u00ed se puede tv\u2019, presentado a los cucute\u00f1os a comienzos de semana, es una iniciativa liderada por la Secretar\u00eda de Prensa y Comunicaciones, en cabeza de Luisa Rinc\u00f3n. El espacio televisivo permitir\u00e1 a la comunidad conocer la gesti\u00f3n de la administraci\u00f3n de C\u00e9sar Rojas y se trasmitir\u00e1 de Lunes de Domingo en los canales locales ATN, Tu Kanal y C\u00facuta TV.<\/p>\n<p>\u2018S\u00ed se puede tv\u2019\u00a0 pretende posicionarse y hacer visible la imagen del Alcalde, acciones, obras, proyectos, gestiones y logros en cada una de las secretar\u00edas de despacho.<\/p>\n<p>La televisi\u00f3n es uno de los medios de comunicaci\u00f3n masivos m\u00e1s importantes e influyentes que logra impactar de manera r\u00e1pida y contundente a la comunidad. Genera opini\u00f3n, convirti\u00e9ndose en aliado de la administraci\u00f3n al momento de informar y mostrar a la comunidad los alcances que ha tenido la Alcald\u00eda. Sin duda, contribuir\u00e1n de manera ostensible a mantener en alto la popularidad de C\u00e9sar Rojas.<\/p>\n<p>A partir de la fecha, las dependencias centralizadas y descentralizadas de la Alcald\u00eda de C\u00facuta tendr\u00e1n espacio en el programa institucional. Podr\u00e1n mostrar la gesti\u00f3n y que ser\u00e1 trasmitido por los canales locales con mayor cobertura como ATN, TU KANAL Y C\u00daCUTA TV, llegando a m\u00e1s de 800.000 televidentes de C\u00facuta y el \u00c1rea Metropolitana.<\/p>\n<p>En un\u00a0 espacio de 10 minutos de lunes a viernes, antes de cada noticiero\u00a0 y un especial de 30 minutos los s\u00e1bados y domingos, los cucute\u00f1os\u00a0 podr\u00e1n disfrutar y conocer el trabajo de C\u00e9sar Rojas y su gabinete\u00a0 municipal.<\/p>\n<p>El horario ser\u00e1 el siguiente<\/p>\n<p>1.- TU KANAL. Lunes y mi\u00e9rcoles, a las 8:00 de la noche.<\/p>\n<p>Martes, jueves y viernes, de 7:50 de la noche.<\/p>\n<p>2.- ATN. Lunes a viernes 7:50 de la noche. S\u00e1bados 7:00 de la noche y domingos 11:00 de la ma\u00f1ana.<\/p>\n<p>3.- CUCUTA TV: Lunes a viernes 10 minutos. Durante el d\u00eda se emiten 10 veces. S\u00e1bado 7:00 de la noche y 10:00 de la noche. Domingo a las 9:00 de la ma\u00f1ana, 4:00pm- 8:00 de la noche y 10:00pm.<\/p>\n<p><strong>Foto: PRENSA ALCALD\u00cdA<\/strong> <\/p>\n","protected":false},"excerpt":{"rendered":"<p>C\u00daCUTA.- El programa institucional \u2018S\u00ed se puede tv\u2019, presentado a los cucute\u00f1os a comienzos de semana, es una iniciativa liderada por la Secretar\u00eda de Prensa y Comunicaciones, en cabeza de Luisa Rinc\u00f3n. El espacio televisivo permitir\u00e1 a la comunidad conocer la gesti\u00f3n de la administraci\u00f3n de C\u00e9sar Rojas y se trasmitir\u00e1 de Lunes de Domingo &hellip;<\/p>\n","protected":false},"author":1,"featured_media":28357,"comment_status":"open","ping_status":"open","sticky":false,"template":"","format":"standard","meta":{"footnotes":""},"categories":[2625],"tags":[226],"class_list":["post-28356","post","type-post","status-publish","format-standard","has-post-thumbnail","hentry","category-alcaldia-de-cucuta","tag-alcaldia-de-cucuta"],"_links":{"self":[{"href":"https:\/\/contraluzcucuta.co\/index.php?rest_route=\/wp\/v2\/posts\/28356","targetHints":{"allow":["GET"]}}],"collection":[{"href":"https:\/\/contraluzcucuta.co\/index.php?rest_route=\/wp\/v2\/posts"}],"about":[{"href":"https:\/\/contraluzcucuta.co\/index.php?rest_route=\/wp\/v2\/types\/post"}],"author":[{"embeddable":true,"href":"https:\/\/contraluzcucuta.co\/index.php?rest_route=\/wp\/v2\/users\/1"}],"replies":[{"embeddable":true,"href":"https:\/\/contraluzcucuta.co\/index.php?rest_route=%2Fwp%2Fv2%2Fcomments&post=28356"}],"version-history":[{"count":1,"href":"https:\/\/contraluzcucuta.co\/index.php?rest_route=\/wp\/v2\/posts\/28356\/revisions"}],"predecessor-version":[{"id":28358,"href":"https:\/\/contraluzcucuta.co\/index.php?rest_route=\/wp\/v2\/posts\/28356\/revisions\/28358"}],"wp:featuredmedia":[{"embeddable":true,"href":"https:\/\/contraluzcucuta.co\/index.php?rest_route=\/wp\/v2\/media\/28357"}],"wp:attachment":[{"href":"https:\/\/contraluzcucuta.co\/index.php?rest_route=%2Fwp%2Fv2%2Fmedia&parent=28356"}],"wp:term":[{"taxonomy":"category","embeddable":true,"href":"https:\/\/contraluzcucuta.co\/index.php?rest_route=%2Fwp%2Fv2%2Fcategories&post=28356"},{"taxonomy":"post_tag","embeddable":true,"href":"https:\/\/contraluzcucuta.co\/index.php?rest_route=%2Fwp%2Fv2%2Ftags&post=28356"}],"curies":[{"name":"wp","href":"https:\/\/api.w.org\/{rel}","templated":true}]}}