{"id":28349,"date":"2016-10-05T21:35:43","date_gmt":"2016-10-06T02:35:43","guid":{"rendered":"http:\/\/contraluzcucuta.co\/?p=28349"},"modified":"2016-10-05T21:35:43","modified_gmt":"2016-10-06T02:35:43","slug":"relato-como-duele-el-recuerdo","status":"publish","type":"post","link":"https:\/\/contraluzcucuta.co\/?p=28349","title":{"rendered":"RELATO. C\u00f3mo me duele el recuerdo"},"content":{"rendered":"<p>El reloj marcaba las 4:00 de la tarde, y mi ansiedad se iba despertando en la medida en que los segundos se agotaban. Pues transcurridos los d\u00edas, las esperanzas de quienes en medio de las balas fueron creciendo, guardaban en silencio la posibilidad de sellar la atroz guerra que siempre fue su visitante sin haber sido invitada.<\/p>\n<p>Pero la sorpresa fue mayor. Una negaci\u00f3n inesperada rompi\u00f3 el silencio y los corazones un tanto sanados del dolor, volvieron a irrumpir en llanto al recordar c\u00f3mo sus ilusiones ca\u00edan rotas en\u00a0 mil pedazos por decisi\u00f3n de quienes sin vivir la guerra, resolvieron avalarla. \u00a1As\u00ed lo decidieron!<\/p>\n<p>Empez\u00f3 a caer la noche y la angustia se fue apoderando de mi alma. Regresaron a mi mente los recuerdos de aquellas madrugadas en las que sin caer la oscuridad, sonaban las r\u00e1fagas implacables, persiguiendo a los rebeldes escondidos tras las ramas de los viejos troncos que rodeaban la peque\u00f1a quebrada compa\u00f1era fiel de los humildes caminantes que transitaban la comarca. En medio del llanto de mis peque\u00f1os reto\u00f1os y el de mi fr\u00e1gil esposa, compa\u00f1era y amante, deb\u00eda recorrer el suelo a hurtadillas para encontrar c\u00f3mo proteger lo amado, evitando que las balas del inesperado ataque sellara contundentemente la muerte de quienes mi tiempo han alegrado. Luego del tormentoso amanecer, los sollozos sellaban lo que nunca pod\u00eda convertirse en la pregunta de rigor: buenos d\u00edas y \u00bfc\u00f3mo amaneciste? Ya para la hora de huida de los unos y los otros, el esp\u00edritu confundido no sab\u00eda qu\u00e9 camino recorrer, pero aun as\u00ed, las fuerzas que alimentan la lucha por la vida aparec\u00edan para continuar por el camino se\u00f1alado.<\/p>\n<p>Ante lo ocurrido, trat\u00e9 de borrar los recuerdos un instante guardando fuerzas y esperanzas y quise escuchar los informes transmitidos por la radio, guardando fe en que la decisi\u00f3n por acabar la guerra apareciera firme sin frustraci\u00f3n alguna, pero lo determinado no ten\u00eda reversa. La insensatez hab\u00eda fijado su lapidaria firma y el sue\u00f1o del camino hacia la paz fue cubierto de voces incendiarias que impidieron sellar de luces blancas los esp\u00edritus heridos por la guerra.<\/p>\n<p>Tras los hechos, volvieron a m\u00ed los recuerdos del dolor y la pel\u00edcula del tiempo regres\u00f3 para evocar c\u00f3mo en aquellos d\u00edas del despertar de las balas, guard\u00e1bamos el deseo ardiente para evitar la llegada de la noche, pero sab\u00edamos que esto es imposible. Siempre el sol terminaba su faena y las horas de la oscuridad llegaban a anunciar la visita de esos seres que inesperadamente irrumpir\u00edan la tranquilidad de ni\u00f1os, adultos y abuelos dedicados a construir desde su humildad a esa patria desvencijada por los horrores del dolor nacido de los odios y afanes de poder que han envenenadosin raz\u00f3n el coraz\u00f3n del hombre para desaparecer al hermano que difiere en pensamiento.<\/p>\n<p>Mi piel sinti\u00f3 fr\u00edo y el coraz\u00f3n se agit\u00f3 tras pasar por mi mente ese doloroso 21 de marzo de aquel 2001, d\u00eda en el que sin haber rayado el sol los militantes de la muerte, llegaron inesperadamente a sonsacar la tranquilidad de quienes dorm\u00edan el cansancio y con gritos de odio y alevos\u00eda arrancaban los senos y los cuellos de indefensas damas, cuyo pecado era ser humildes reclamantes de la igualdad perdida.<\/p>\n<p>Retornaron a mi mente los recuerdos de esa ma\u00f1ana en la que mi amada esposa acurrucada por el temor a una muerte inesperada, abraz\u00f3 con firmeza a la peque\u00f1a nena de la casa, mientras el nene se cuela entre los hombres depredadores de la vida y con dolor ingenuo pregunta a uno de los infames atacantes: \u00bfy las chanclas de mi papi? Lleno de diab\u00f3lica sonrisa el agresor fija su mirada en el indefenso ni\u00f1o para responderle: \u2018a donde va no necesita chanclas\u2019.<\/p>\n<p>Estos recuerdos han volado hasta mi mente y con dolor de patria me hacen elevar a Dios una pregunta: \u00bfC\u00f3mo un pueblo asediado por la guerra tiene la valent\u00eda de decirle SI al perd\u00f3n, mientras los alejados del dolor siembran el odio?<\/p>\n<p>Hoy, he comprendido que la insensatez\u00a0 ha ganado el pulso por sembrar de odio a una patria asediada por la muerte como medio para subsistir en el poder, pues para quienes juran ser impolutos, los dem\u00e1s somos\u00a0 pecadores que debemos pagar en el infierno la culpa de haber sufrido en medio de la guerra.<\/p>\n<p><strong>FERNANDO CA\u00d1AS CAMARGO<\/strong><\/p>\n<p><strong>Foto: exekuoinfo.com<\/strong> <\/p>\n","protected":false},"excerpt":{"rendered":"<p>El reloj marcaba las 4:00 de la tarde, y mi ansiedad se iba despertando en la medida en que los segundos se agotaban. Pues transcurridos los d\u00edas, las esperanzas de quienes en medio de las balas fueron creciendo, guardaban en silencio la posibilidad de sellar la atroz guerra que siempre fue su visitante sin haber &hellip;<\/p>\n","protected":false},"author":1,"featured_media":28350,"comment_status":"open","ping_status":"open","sticky":false,"template":"","format":"standard","meta":{"footnotes":""},"categories":[10,4,32],"tags":[3268],"class_list":["post-28349","post","type-post","status-publish","format-standard","has-post-thumbnail","hentry","category-cronicas","category-barra","category-recorrido-por-la-region","tag-plebiscito-2016"],"_links":{"self":[{"href":"https:\/\/contraluzcucuta.co\/index.php?rest_route=\/wp\/v2\/posts\/28349","targetHints":{"allow":["GET"]}}],"collection":[{"href":"https:\/\/contraluzcucuta.co\/index.php?rest_route=\/wp\/v2\/posts"}],"about":[{"href":"https:\/\/contraluzcucuta.co\/index.php?rest_route=\/wp\/v2\/types\/post"}],"author":[{"embeddable":true,"href":"https:\/\/contraluzcucuta.co\/index.php?rest_route=\/wp\/v2\/users\/1"}],"replies":[{"embeddable":true,"href":"https:\/\/contraluzcucuta.co\/index.php?rest_route=%2Fwp%2Fv2%2Fcomments&post=28349"}],"version-history":[{"count":1,"href":"https:\/\/contraluzcucuta.co\/index.php?rest_route=\/wp\/v2\/posts\/28349\/revisions"}],"predecessor-version":[{"id":28351,"href":"https:\/\/contraluzcucuta.co\/index.php?rest_route=\/wp\/v2\/posts\/28349\/revisions\/28351"}],"wp:featuredmedia":[{"embeddable":true,"href":"https:\/\/contraluzcucuta.co\/index.php?rest_route=\/wp\/v2\/media\/28350"}],"wp:attachment":[{"href":"https:\/\/contraluzcucuta.co\/index.php?rest_route=%2Fwp%2Fv2%2Fmedia&parent=28349"}],"wp:term":[{"taxonomy":"category","embeddable":true,"href":"https:\/\/contraluzcucuta.co\/index.php?rest_route=%2Fwp%2Fv2%2Fcategories&post=28349"},{"taxonomy":"post_tag","embeddable":true,"href":"https:\/\/contraluzcucuta.co\/index.php?rest_route=%2Fwp%2Fv2%2Ftags&post=28349"}],"curies":[{"name":"wp","href":"https:\/\/api.w.org\/{rel}","templated":true}]}}