{"id":28343,"date":"2016-10-05T21:01:49","date_gmt":"2016-10-06T02:01:49","guid":{"rendered":"http:\/\/contraluzcucuta.co\/?p=28343"},"modified":"2016-10-05T21:01:49","modified_gmt":"2016-10-06T02:01:49","slug":"carta-de-fenalco-cucuta-la-frontera-mas-importante-de-colombia","status":"publish","type":"post","link":"https:\/\/contraluzcucuta.co\/?p=28343","title":{"rendered":"CARTA DE FENALCO. C\u00facuta, la frontera m\u00e1s importante de Colombia"},"content":{"rendered":"<p><strong>C\u00daCUTA.-<\/strong> Los anuncios del gobierno, para la regi\u00f3n que fueron dados por el ministro C\u00e1rdenas, responsable de la cartera de Hacienda, son sin lugar a dudas necesarios para esta frontera que se constituye como la m\u00e1s importante y m\u00e1s grande de Colombia. \u201cLa \u00fanica integrada por una comunidad urbana y terrestre compleja, multicultural, pluri\u00e9tnica, que adem\u00e1s tiene consigo un proceso hist\u00f3rico mucho m\u00e1s rico y con m\u00e1s sentido social que ninguna otra ciudad de la regi\u00f3n. Si revisamos en puntos cardinales cu\u00e1les son nuestras fronteras llegamos a la conclusi\u00f3n que ninguna de ellas ostenta la extensi\u00f3n, el desarrollo, ni el n\u00famero de habitantes con que cuenta esta frontera\u201d.\u00a0 Sin embargo, a pesar de estos argumentos, ha vivido alejada de las decisiones y la presencia del Estado, lo que ha imposibilitado un verdadero desarrollo en todos los \u00e1mbitos.<\/p>\n<p>Es por esto, que cuando el Ministro anuncia $ 4,42 billones para la culminaci\u00f3n de la v\u00eda a Pamplona se recuerda que en los mejores momentos de las relaciones comerciales con la Rep\u00fablica Bolivariana de Venezuela, por esa carretera fue por donde se movieron las mercanc\u00edas producidas por las empresas m\u00e1s grandes del pa\u00eds, sin que el Estado proyectara mejores v\u00edas que dieran garant\u00edas, mayores y mejores posibilidades de conexi\u00f3n entre las ciudades del interior del pa\u00eds con las ciudades y puertos venezolanos, a los empresarios nacionales, regionales y locales.\u00a0 Hoy cuando la frontera est\u00e1 tomando otra din\u00e1mica, se requiere de una mayor presencia del Estado, puesto que la complejidad del momento hist\u00f3rico que vive la Rep\u00fablica Bolivariana de Venezuela, hace que estemos muy atentos a los cambios y decisiones que tomen los dos gobiernos, con el fin de definir cual es la verdadera frontera\u00a0\u00a0\u00a0\u00a0\u00a0 que queremos y que necesitamos.<\/p>\n<p>Confiados estamos, en que el gobierno colombiano haya entendido el mensaje de los gremios y de los empresarios de Norte de Santander, quienes han solicitado que en C\u00facuta se disponga de todo lo conducente para que tengamos no solo las herramientas t\u00e9cnicas sino los mejores hombres custodi\u00e1ndola, para cerrar el paso a las amenazas que actualmente se ciernen sobre la ciudad; hoy, quienes la habitamos, tenemos la obligaci\u00f3n moral de verla con ojos m\u00e1s responsables y proactivos, porque lo que ayer fue, hoy no existe y se requiere que demos un viraje hacia la concepci\u00f3n del verdadero papel que esta ciudad tiene como el polo fronterizo m\u00e1s grande de Colombia.\u00a0 Reconocernos como centro de una regi\u00f3n rica en historia, cultura, tradiciones, cuyo coraz\u00f3n ha sido tan grande que con los brazos abiertos ha recibido en estas tierras, gentes migrantes de muchos pa\u00edses del mundo, convirti\u00e9ndose desde el siglo XIX en una ciudad cosmopolita, pr\u00f3spera, din\u00e1mica y con nombre internacional.<\/p>\n<p>Tambi\u00e9n, desde entonces ha sido atractiva para el turismo, ya que cuenta con un amplio y diverso comercio local, que aunque por muchos ha sido subestimado, es sin lugar a dudas una impronta que se tiene y que ha permitido un posicionamiento por medio de los momentos del devenir de esta ciudad. Como regi\u00f3n debemos apostarles hoy a los retos de esta frontera, que siguen siendo complejos y de toda \u00edndole, nuestras posibilidades de desarrollo est\u00e1n dadas por el empe\u00f1o de nuestros empresarios en buscar nuevos mercados, especialmente en los sectores de agroindustria, calzado, confecciones y cer\u00e1mica; aunque se hace necesario se identifiquen las especializaciones que nuestro talento humano regional debe poseer de cara a los nuevos retos por venir.<\/p>\n<p>Si pudi\u00e9ramos, como sociedad, procurar que esta condici\u00f3n de frontera urbana m\u00e1s importante de Colombia, se asumiera por el gobierno departamental y local como un valor agregado a la impronta de ciudad comercial, se tendr\u00edan los argumentos y las certezas necesarias para encaminar nuestros esfuerzos a convencer al gobierno nacional y sus agentes de desarrollar una infraestructura que le diera mayor valor a nuestra posici\u00f3n geogr\u00e1fica, no solo construyendo buenas, amplias y seguras v\u00edas de comunicaci\u00f3n, sino tambi\u00e9n los mejores servicios p\u00fablicos y la ampliaci\u00f3n de cobertura de interconexi\u00f3n digital.<\/p>\n<p><strong>Foto: <a href=\"http:\/\/www.resumenlatinoamericano.org\">www.resumenlatinoamericano.org<\/a><\/strong><\/p>\n<p>&nbsp;<\/p>\n<p>&nbsp; <\/p>\n","protected":false},"excerpt":{"rendered":"<p>C\u00daCUTA.- Los anuncios del gobierno, para la regi\u00f3n que fueron dados por el ministro C\u00e1rdenas, responsable de la cartera de Hacienda, son sin lugar a dudas necesarios para esta frontera que se constituye como la m\u00e1s importante y m\u00e1s grande de Colombia. \u201cLa \u00fanica integrada por una comunidad urbana y terrestre compleja, multicultural, pluri\u00e9tnica, que &hellip;<\/p>\n","protected":false},"author":1,"featured_media":28344,"comment_status":"open","ping_status":"open","sticky":false,"template":"","format":"standard","meta":{"footnotes":""},"categories":[4,6],"tags":[1357,1526],"class_list":["post-28343","post","type-post","status-publish","format-standard","has-post-thumbnail","hentry","category-barra","category-ojo-avizor","tag-carta-de-fenalco","tag-fenalco-norte-de-santander"],"_links":{"self":[{"href":"https:\/\/contraluzcucuta.co\/index.php?rest_route=\/wp\/v2\/posts\/28343","targetHints":{"allow":["GET"]}}],"collection":[{"href":"https:\/\/contraluzcucuta.co\/index.php?rest_route=\/wp\/v2\/posts"}],"about":[{"href":"https:\/\/contraluzcucuta.co\/index.php?rest_route=\/wp\/v2\/types\/post"}],"author":[{"embeddable":true,"href":"https:\/\/contraluzcucuta.co\/index.php?rest_route=\/wp\/v2\/users\/1"}],"replies":[{"embeddable":true,"href":"https:\/\/contraluzcucuta.co\/index.php?rest_route=%2Fwp%2Fv2%2Fcomments&post=28343"}],"version-history":[{"count":1,"href":"https:\/\/contraluzcucuta.co\/index.php?rest_route=\/wp\/v2\/posts\/28343\/revisions"}],"predecessor-version":[{"id":28345,"href":"https:\/\/contraluzcucuta.co\/index.php?rest_route=\/wp\/v2\/posts\/28343\/revisions\/28345"}],"wp:featuredmedia":[{"embeddable":true,"href":"https:\/\/contraluzcucuta.co\/index.php?rest_route=\/wp\/v2\/media\/28344"}],"wp:attachment":[{"href":"https:\/\/contraluzcucuta.co\/index.php?rest_route=%2Fwp%2Fv2%2Fmedia&parent=28343"}],"wp:term":[{"taxonomy":"category","embeddable":true,"href":"https:\/\/contraluzcucuta.co\/index.php?rest_route=%2Fwp%2Fv2%2Fcategories&post=28343"},{"taxonomy":"post_tag","embeddable":true,"href":"https:\/\/contraluzcucuta.co\/index.php?rest_route=%2Fwp%2Fv2%2Ftags&post=28343"}],"curies":[{"name":"wp","href":"https:\/\/api.w.org\/{rel}","templated":true}]}}