{"id":28314,"date":"2016-10-02T15:46:00","date_gmt":"2016-10-02T20:46:00","guid":{"rendered":"http:\/\/contraluzcucuta.co\/?p=28314"},"modified":"2016-10-02T15:46:30","modified_gmt":"2016-10-02T20:46:30","slug":"somos-ambiente-y-paz-500-universitarios-hablaron-sobre-el-futuro-de-colombia","status":"publish","type":"post","link":"https:\/\/contraluzcucuta.co\/?p=28314","title":{"rendered":"\u2018SOMOS AMBIENTE Y PAZ\u2019. 500 universitarios hablaron sobre el futuro de Colombia"},"content":{"rendered":"<p><strong>C\u00daCUTA.- <\/strong>Quinientos estudiantes universitarios de la regi\u00f3n participaron en el conversatorio \u2018Somos Ambiente y Paz: j\u00f3venes pensando en el futuro de Colombia\u2019. El encuentro se efectu\u00f3 en la Universidad Francisco de Paula Santander (UFPS), con respaldo de la Secretar\u00eda de Desarrollo Social de Norte de Santander, el Ministerio del Medio Ambiente y la direcci\u00f3n de Colombia Joven.<\/p>\n<p>Estudiantes de la UFPS y Libre seccional C\u00facuta; integrantes de la Red Nacional de J\u00f3venes de Ambiente y funcionarios de la Corporaci\u00f3n Aut\u00f3noma Regional de la Frontera Nororiental (Corponor), entre otros, asistieron a la jornada acad\u00e9mica.<\/p>\n<p>Ang\u00e9lica S\u00e1enz, funcionaria de la Gobernaci\u00f3n de Norte de Santander y coordinadora departamental de juventud, sirvi\u00f3 como moderadora. Los panelistas recomendaron a los j\u00f3venes activar la participaci\u00f3n en los procesos sociales del pa\u00eds para adquirir saberes y lograr acciones que generen desarrollo en el departamento.<\/p>\n<p>\u201cAdquirimos conocimientos sobre los procesos referentes al medio ambiente, visto desde lo pactado entre el Gobierno y las Farc, pues los colombianos tenemos que conocer qu\u00e9 va a pasar luego de la terminaci\u00f3n del conflicto armado, que de una u otra manera afectaba nuestro entorno\u201d, dijo Sergio Ram\u00edrez, ingeniero ambiental en formaci\u00f3n en la UFPS.<\/p>\n<p>Los temas analizados durante el conversatorio fueron:<\/p>\n<p>1.- Participaci\u00f3n de los j\u00f3venes en la construcci\u00f3n de la Paz.<\/p>\n<p>2.- Rol de los j\u00f3venes en la implementaci\u00f3n de la Paz.<\/p>\n<p>3.- Retos de los j\u00f3venes en el cuidado y preservaci\u00f3n del medio ambiente.<\/p>\n<p>Estos espacios pretenden dinamizar y promocionar la participaci\u00f3n de los nortesantandereanos en procesos de aprendizaje que beneficien el crecimiento personal y profesional.<\/p>\n<p><strong>Foto: PRENSA GOBERNACI\u00d3N<\/strong><\/p>\n<p>&nbsp;<\/p>\n<p>&nbsp;<\/p>\n<p>&nbsp; <\/p>\n","protected":false},"excerpt":{"rendered":"<p>C\u00daCUTA.- Quinientos estudiantes universitarios de la regi\u00f3n participaron en el conversatorio \u2018Somos Ambiente y Paz: j\u00f3venes pensando en el futuro de Colombia\u2019. El encuentro se efectu\u00f3 en la Universidad Francisco de Paula Santander (UFPS), con respaldo de la Secretar\u00eda de Desarrollo Social de Norte de Santander, el Ministerio del Medio Ambiente y la direcci\u00f3n de &hellip;<\/p>\n","protected":false},"author":1,"featured_media":28315,"comment_status":"open","ping_status":"open","sticky":false,"template":"","format":"standard","meta":{"footnotes":""},"categories":[74,347],"tags":[3265,3266],"class_list":["post-28314","post","type-post","status-publish","format-standard","has-post-thumbnail","hentry","category-aula-universitaria","category-medio-ambiente","tag-somos-ambiente-y-paz","tag-universitarios-cucutenos"],"_links":{"self":[{"href":"https:\/\/contraluzcucuta.co\/index.php?rest_route=\/wp\/v2\/posts\/28314","targetHints":{"allow":["GET"]}}],"collection":[{"href":"https:\/\/contraluzcucuta.co\/index.php?rest_route=\/wp\/v2\/posts"}],"about":[{"href":"https:\/\/contraluzcucuta.co\/index.php?rest_route=\/wp\/v2\/types\/post"}],"author":[{"embeddable":true,"href":"https:\/\/contraluzcucuta.co\/index.php?rest_route=\/wp\/v2\/users\/1"}],"replies":[{"embeddable":true,"href":"https:\/\/contraluzcucuta.co\/index.php?rest_route=%2Fwp%2Fv2%2Fcomments&post=28314"}],"version-history":[{"count":1,"href":"https:\/\/contraluzcucuta.co\/index.php?rest_route=\/wp\/v2\/posts\/28314\/revisions"}],"predecessor-version":[{"id":28316,"href":"https:\/\/contraluzcucuta.co\/index.php?rest_route=\/wp\/v2\/posts\/28314\/revisions\/28316"}],"wp:featuredmedia":[{"embeddable":true,"href":"https:\/\/contraluzcucuta.co\/index.php?rest_route=\/wp\/v2\/media\/28315"}],"wp:attachment":[{"href":"https:\/\/contraluzcucuta.co\/index.php?rest_route=%2Fwp%2Fv2%2Fmedia&parent=28314"}],"wp:term":[{"taxonomy":"category","embeddable":true,"href":"https:\/\/contraluzcucuta.co\/index.php?rest_route=%2Fwp%2Fv2%2Fcategories&post=28314"},{"taxonomy":"post_tag","embeddable":true,"href":"https:\/\/contraluzcucuta.co\/index.php?rest_route=%2Fwp%2Fv2%2Ftags&post=28314"}],"curies":[{"name":"wp","href":"https:\/\/api.w.org\/{rel}","templated":true}]}}