{"id":28311,"date":"2016-10-02T15:21:59","date_gmt":"2016-10-02T20:21:59","guid":{"rendered":"http:\/\/contraluzcucuta.co\/?p=28311"},"modified":"2016-10-02T15:21:59","modified_gmt":"2016-10-02T20:21:59","slug":"feria-microempresarial-creatividad-y-habilidad-desde-el-aula-de-clase","status":"publish","type":"post","link":"https:\/\/contraluzcucuta.co\/?p=28311","title":{"rendered":"FERIA MICROEMPRESARIAL. Creatividad y habilidad, desde el aula de clase"},"content":{"rendered":"<p><strong>C\u00daCUTA.-<\/strong> Alumnos de los\u202f grados 10 y 11, con apoyo del Servicio Nacional de Aprendizaje (Sena) llevaron a cabo la XV Feria Microempresarial y de Talentos, en la Instituci\u00f3n Educativa Casd, Mar\u00eda Concepci\u00f3n Loperena. El objetivo era dar a conocer los proyectos microempresariales desarrollados\u00a0 en el aula de clase.<\/p>\n<p>Docentes del \u00e1rea de la Media T\u00e9cnica mostraron compromiso y respaldo a los estudiantes para\u202fque dieran a conocer las habilidades en las \u00e1reas de asistencia administrativa, mantenimiento de equipos de c\u00f3mputo, contabilidad, seguridad ocupacional, marroquiner\u00eda y agroindustria.<\/p>\n<p>Los padres de familia apreciaron la creatividad y la habilidad\u202f de los estudiantes, y\u202fevidenciaron las capacidades que poseen. Los j\u00f3venes mostraron los resultados de la educaci\u00f3n de calidad orientada a la creaci\u00f3n de campos laborales.<\/p>\n<p><strong>Capacitaci\u00f3n a 260 mujeres<\/strong><\/p>\n<p>Doscientas sesenta lideresas de asociaciones adscritas a la Secretar\u00eda de Equidad de G\u00e9nero participaron en la jornada de capacitaci\u00f3n \u2018Di\u00e1logos y talleres informativos sobre la no violencia de g\u00e9nero\u2019. La organizaci\u00f3n estuvo a cargo de la Corporaci\u00f3n Social y Educativa \u2018Camina Conmigo\u2019 y la Alcald\u00eda de C\u00facuta.<\/p>\n<p>Las mujeres recibieron capacitaci\u00f3n en:<\/p>\n<p>1.- Reparaciones de hogar<\/p>\n<p>2.- Huertas urbanas<\/p>\n<p>3.- Peinados, nudos y macram\u00e9<\/p>\n<p>4.- Tejidos y bordados en punto de cruz<\/p>\n<p>5.- Reciclaje, marroquiner\u00eda \u202fy pirograbados.<\/p>\n<p>Tambi\u00e9n, aprendieron sobre los tipos de violencia contra la mujer; las leyes que las amparan y las rutas de atenci\u00f3n institucional, adem\u00e1s de ense\u00f1arles un arte con miras a crear conciencia sobre las capacidades que tienen y que pueden llevarlas a tener independencia econ\u00f3mica, alej\u00e1ndolas de ser v\u00edctimas de maltrato.<\/p>\n<p>&#8220;Fue una actividad espectacular, muy lindo es poder aprender para luego poder ense\u00f1ar a las asociadas en nuestros barrios, por ejemplo a m\u00ed me gusta mucho el reciclaje, existen muchas maneras de poder practicarlo&#8221;, expres\u00f3 Marta Delgado, participante en el taller.<\/p>\n<p><strong>Foto: PRENSA ALCLAD\u00cdA<\/strong><\/p>\n<p>&nbsp;<\/p>\n<p>&nbsp; <\/p>\n","protected":false},"excerpt":{"rendered":"<p>C\u00daCUTA.- Alumnos de los\u202f grados 10 y 11, con apoyo del Servicio Nacional de Aprendizaje (Sena) llevaron a cabo la XV Feria Microempresarial y de Talentos, en la Instituci\u00f3n Educativa Casd, Mar\u00eda Concepci\u00f3n Loperena. El objetivo era dar a conocer los proyectos microempresariales desarrollados\u00a0 en el aula de clase. Docentes del \u00e1rea de la Media &hellip;<\/p>\n","protected":false},"author":1,"featured_media":28312,"comment_status":"open","ping_status":"open","sticky":false,"template":"","format":"standard","meta":{"footnotes":""},"categories":[2625],"tags":[226,3263,3264,2764],"class_list":["post-28311","post","type-post","status-publish","format-standard","has-post-thumbnail","hentry","category-alcaldia-de-cucuta","tag-alcaldia-de-cucuta","tag-casd","tag-feria-microempresarial","tag-secretaria-de-equidad-y-genero"],"_links":{"self":[{"href":"https:\/\/contraluzcucuta.co\/index.php?rest_route=\/wp\/v2\/posts\/28311","targetHints":{"allow":["GET"]}}],"collection":[{"href":"https:\/\/contraluzcucuta.co\/index.php?rest_route=\/wp\/v2\/posts"}],"about":[{"href":"https:\/\/contraluzcucuta.co\/index.php?rest_route=\/wp\/v2\/types\/post"}],"author":[{"embeddable":true,"href":"https:\/\/contraluzcucuta.co\/index.php?rest_route=\/wp\/v2\/users\/1"}],"replies":[{"embeddable":true,"href":"https:\/\/contraluzcucuta.co\/index.php?rest_route=%2Fwp%2Fv2%2Fcomments&post=28311"}],"version-history":[{"count":1,"href":"https:\/\/contraluzcucuta.co\/index.php?rest_route=\/wp\/v2\/posts\/28311\/revisions"}],"predecessor-version":[{"id":28313,"href":"https:\/\/contraluzcucuta.co\/index.php?rest_route=\/wp\/v2\/posts\/28311\/revisions\/28313"}],"wp:featuredmedia":[{"embeddable":true,"href":"https:\/\/contraluzcucuta.co\/index.php?rest_route=\/wp\/v2\/media\/28312"}],"wp:attachment":[{"href":"https:\/\/contraluzcucuta.co\/index.php?rest_route=%2Fwp%2Fv2%2Fmedia&parent=28311"}],"wp:term":[{"taxonomy":"category","embeddable":true,"href":"https:\/\/contraluzcucuta.co\/index.php?rest_route=%2Fwp%2Fv2%2Fcategories&post=28311"},{"taxonomy":"post_tag","embeddable":true,"href":"https:\/\/contraluzcucuta.co\/index.php?rest_route=%2Fwp%2Fv2%2Ftags&post=28311"}],"curies":[{"name":"wp","href":"https:\/\/api.w.org\/{rel}","templated":true}]}}