{"id":28304,"date":"2016-09-29T21:40:48","date_gmt":"2016-09-30T02:40:48","guid":{"rendered":"http:\/\/contraluzcucuta.co\/?p=28304"},"modified":"2016-09-29T21:40:48","modified_gmt":"2016-09-30T02:40:48","slug":"proyecto-ambiental-iniciativa-pedagogica-para-oxigenar-la-ciudad-y-cuidar-el-pamplonita","status":"publish","type":"post","link":"https:\/\/contraluzcucuta.co\/?p=28304","title":{"rendered":"PROYECTO AMBIENTAL. Iniciativa pedag\u00f3gica para oxigenar la ciudad y cuidar el Pamplonita"},"content":{"rendered":"<p><strong>C\u00daCUTA.-<\/strong> El proyecto pedag\u00f3gico \u2018Planta un \u00e1rbol, siembra vida\u2019 \u00a0involucra cuatros fases de implementaci\u00f3n preventivas y pr\u00e1cticas, que iniciaron con jornadas de capacitaci\u00f3n y culminar\u00e1n con la elaboraci\u00f3n de murales ambientales. En la iniciativa est\u00e1n comprometidos la Polic\u00eda Metropolitana de C\u00facuta (Mecuc), Centrales El\u00e9ctricas de Norte de Santander (Cens) y la Corporaci\u00f3n Aut\u00f3noma Regional de la Frontera Nororiental (Corponor).<\/p>\n<p>En el comienzo de la alianza estrat\u00e9gica, que tiene como objetivo la protecci\u00f3n de la naturaleza, se plantaron 600 \u00e1rboles de diferentes especies en la ribera del Pamplonita, a la altura del puente \u2018Enrique Cuadros Corredor\u2019.<\/p>\n<p>En la jornada participaron uniformados del \u00c1rea de Prevenci\u00f3n y Educaci\u00f3n Ciudadana (Preci), \u00a0estudiantes de instituciones educativas que conforman el Grupo C\u00edvico Infantil y Juvenil de la Mecuc, padres de familia y personal de Centrales El\u00e9ctricas y Corponor. La segunda fase se cumplir\u00e1, el 8 de octubre, y se plantar\u00e1n 700 \u00e1rboles para proteger el r\u00edo, entre la glorieta del barrio San Rafael y el tramo contiguo de la avenida Los Libertadores.<\/p>\n<p>Los 220 estudiantes del Grupo C\u00edvico Infantil y Juvenil fueron capacitados para convertirse en promotores en la puesta en marcha de actividades que permitan proteger la naturaleza, darle el manejo correcto a las basuras y hacer de la plantaci\u00f3n de \u00e1rboles un aporte indispensable para el equilibrio del ecosistema.<\/p>\n<p>La cuarta y \u00faltima fase del proyecto ser\u00e1 la elaboraci\u00f3n de murales con mensajes ambientales ubicados en sitios espec\u00edficos de la ciudad. El prop\u00f3sito es despertar en la comunidad la cultura de protecci\u00f3n ambiental.<\/p>\n<p>Al finalizar el proyecto ambiental, en noviembre, se espera lograr los siguientes objetivos:<\/p>\n<p>1.- Oxigenar a C\u00facuta con la plantaci\u00f3n de al menos 1500 \u00e1rboles de diversas especies<\/p>\n<p>2.- Promover en las poblaciones infantil y juvenil las buenas pr\u00e1cticas ambientales<\/p>\n<p>3.- Fomentar en la comunidad la cultura de responsabilidad ambiental.<\/p>\n<p>La Polic\u00eda Metropolitana de C\u00facuta (Mecuc) en alianza con la empresa privada, entidades e instituciones locales y regionales, desplegar\u00e1 acciones que permitan proteger el medio ambiente.<\/p>\n<p><strong>Foto: PRENSA MECUC<\/strong><\/p>\n<p>&nbsp; <\/p>\n","protected":false},"excerpt":{"rendered":"<p>C\u00daCUTA.- El proyecto pedag\u00f3gico \u2018Planta un \u00e1rbol, siembra vida\u2019 \u00a0involucra cuatros fases de implementaci\u00f3n preventivas y pr\u00e1cticas, que iniciaron con jornadas de capacitaci\u00f3n y culminar\u00e1n con la elaboraci\u00f3n de murales ambientales. En la iniciativa est\u00e1n comprometidos la Polic\u00eda Metropolitana de C\u00facuta (Mecuc), Centrales El\u00e9ctricas de Norte de Santander (Cens) y la Corporaci\u00f3n Aut\u00f3noma Regional de &hellip;<\/p>\n","protected":false},"author":1,"featured_media":28305,"comment_status":"open","ping_status":"open","sticky":false,"template":"","format":"standard","meta":{"footnotes":""},"categories":[10,4,347],"tags":[2308,493,323,163],"class_list":["post-28304","post","type-post","status-publish","format-standard","has-post-thumbnail","hentry","category-cronicas","category-barra","category-medio-ambiente","tag-cens-epm","tag-corponor","tag-mecuc","tag-policia-metropolitana"],"_links":{"self":[{"href":"https:\/\/contraluzcucuta.co\/index.php?rest_route=\/wp\/v2\/posts\/28304","targetHints":{"allow":["GET"]}}],"collection":[{"href":"https:\/\/contraluzcucuta.co\/index.php?rest_route=\/wp\/v2\/posts"}],"about":[{"href":"https:\/\/contraluzcucuta.co\/index.php?rest_route=\/wp\/v2\/types\/post"}],"author":[{"embeddable":true,"href":"https:\/\/contraluzcucuta.co\/index.php?rest_route=\/wp\/v2\/users\/1"}],"replies":[{"embeddable":true,"href":"https:\/\/contraluzcucuta.co\/index.php?rest_route=%2Fwp%2Fv2%2Fcomments&post=28304"}],"version-history":[{"count":1,"href":"https:\/\/contraluzcucuta.co\/index.php?rest_route=\/wp\/v2\/posts\/28304\/revisions"}],"predecessor-version":[{"id":28306,"href":"https:\/\/contraluzcucuta.co\/index.php?rest_route=\/wp\/v2\/posts\/28304\/revisions\/28306"}],"wp:featuredmedia":[{"embeddable":true,"href":"https:\/\/contraluzcucuta.co\/index.php?rest_route=\/wp\/v2\/media\/28305"}],"wp:attachment":[{"href":"https:\/\/contraluzcucuta.co\/index.php?rest_route=%2Fwp%2Fv2%2Fmedia&parent=28304"}],"wp:term":[{"taxonomy":"category","embeddable":true,"href":"https:\/\/contraluzcucuta.co\/index.php?rest_route=%2Fwp%2Fv2%2Fcategories&post=28304"},{"taxonomy":"post_tag","embeddable":true,"href":"https:\/\/contraluzcucuta.co\/index.php?rest_route=%2Fwp%2Fv2%2Ftags&post=28304"}],"curies":[{"name":"wp","href":"https:\/\/api.w.org\/{rel}","templated":true}]}}