{"id":28271,"date":"2016-09-27T14:33:13","date_gmt":"2016-09-27T19:33:13","guid":{"rendered":"http:\/\/contraluzcucuta.co\/?p=28271"},"modified":"2016-09-27T14:33:13","modified_gmt":"2016-09-27T19:33:13","slug":"acuerdo-gobierno-farc-cucutenos-vivieron-con-alegria-la-firma-de-la-paz","status":"publish","type":"post","link":"https:\/\/contraluzcucuta.co\/?p=28271","title":{"rendered":"ACUERDO GOBIERNO &#8211; FARC. Cucute\u00f1os vivieron con alegr\u00eda la firma de la paz"},"content":{"rendered":"<p><strong>C\u00daCUTA.-<\/strong> El Parque Santander sirvi\u00f3 como punto de encuentro de los cucute\u00f1os para apoyar y ser testigos de la firma del acuerdo de paz en Colombia. El acto central se cumpli\u00f3 en Cartagena y C\u00facuta fue uno de los seis escenarios escogidos por la Presidencia de la Rep\u00fablica para trasmitir en vivo el\u00a0 hecho\u00a0 que pone fin a m\u00e1s de 50 a\u00f1os de conflicto interno.<\/p>\n<p>Hombres y mujeres, ni\u00f1os, j\u00f3venes y adultos llegaron con camiseta amarilla, palomas, m\u00e1scaras y otros elementos para participar en la fiesta preparada por \u00a0la Alcald\u00eda y la Gobernaci\u00f3n. Los gobernantes C\u00e9sar Rojas y William Villamizar asistieron, en el Patio de Banderas del Centro de Convenciones de Cartagena, a la ceremonia central y compartieron con representantes de la comunidad internacional, poderes p\u00fablicos, empresarios y v\u00edctimas de la confrontaci\u00f3n armada.<\/p>\n<p>Las muestras folcl\u00f3ricas, los actos culturales y el colorido marcaron el festejo en el parque Santander. Estudiantes de las universidades p\u00fablicas y privadas locales explicaron los acuerdos de paz a quienes no los conoc\u00edan o ten\u00edan dudas.<\/p>\n<p>Los millares de asistentes vieron en directo la firma del documento, entre el presidente Juan Manuel Santos y el comandante de las Fuerzas Armadas Revolucionarias de Colombia (Farc), Rodrigo Londo\u00f1o. Para dar la bienvenida al acuerdo, 500 bailarines de El Tarra, Tib\u00fa, Pamplona, C\u00facuta y Villa del Rosario organizaron la coreograf\u00eda que contagi\u00f3 a los cucute\u00f1os.<\/p>\n<p>La m\u00fasica estuvo a cargo de las orquestas Fusi\u00f3n Caliche, Lissa Regue, Isa y los \u00c1ngeles de Am\u00e9rica. Artistas del folclor regional interpretaron la canci\u00f3n \u2018Un paso hacia la paz\u2019. Organizaciones sociales, ambientalistas, defensoras de derechos humanos, juveniles, grupos de teatro y bandas pelayeras entonaron canciones tradicionales. Integrantes de colectivos que apoyan el proceso y transe\u00fantes se congregaron alrededor con pancartas alusivas a la paz.<\/p>\n<p>\u201cLos colombianos no podemos seguir soportando m\u00e1s guerra. No m\u00e1s muerte, no m\u00e1s desplazamiento. Sabemos que el camino es largo, que la construcci\u00f3n va a ser dif\u00edcil, pero vamos con \u00e1nimo por ella\u201d, dijo una mujer, que lleg\u00f3 al parque arropada con el tricolor nacional.<\/p>\n<p>Universitarios, comit\u00e9s por la paz y de organizaciones sociales expusieron palomas y banderas de Colombia como s\u00edmbolos de reconciliaci\u00f3n y perd\u00f3n.<\/p>\n<p><strong>Foto: PRENSA GOBERNACI\u00d3N<\/strong><\/p>\n<p>&nbsp; <\/p>\n","protected":false},"excerpt":{"rendered":"<p>C\u00daCUTA.- El Parque Santander sirvi\u00f3 como punto de encuentro de los cucute\u00f1os para apoyar y ser testigos de la firma del acuerdo de paz en Colombia. El acto central se cumpli\u00f3 en Cartagena y C\u00facuta fue uno de los seis escenarios escogidos por la Presidencia de la Rep\u00fablica para trasmitir en vivo el\u00a0 hecho\u00a0 que &hellip;<\/p>\n","protected":false},"author":1,"featured_media":28272,"comment_status":"open","ping_status":"open","sticky":false,"template":"","format":"standard","meta":{"footnotes":""},"categories":[7,45,4],"tags":[3193,2344],"class_list":["post-28271","post","type-post","status-publish","format-standard","has-post-thumbnail","hentry","category-acontecimientos","category-destacado","category-barra","tag-acuerdo-de-paz","tag-parque-santander-de-cucuta"],"_links":{"self":[{"href":"https:\/\/contraluzcucuta.co\/index.php?rest_route=\/wp\/v2\/posts\/28271","targetHints":{"allow":["GET"]}}],"collection":[{"href":"https:\/\/contraluzcucuta.co\/index.php?rest_route=\/wp\/v2\/posts"}],"about":[{"href":"https:\/\/contraluzcucuta.co\/index.php?rest_route=\/wp\/v2\/types\/post"}],"author":[{"embeddable":true,"href":"https:\/\/contraluzcucuta.co\/index.php?rest_route=\/wp\/v2\/users\/1"}],"replies":[{"embeddable":true,"href":"https:\/\/contraluzcucuta.co\/index.php?rest_route=%2Fwp%2Fv2%2Fcomments&post=28271"}],"version-history":[{"count":1,"href":"https:\/\/contraluzcucuta.co\/index.php?rest_route=\/wp\/v2\/posts\/28271\/revisions"}],"predecessor-version":[{"id":28273,"href":"https:\/\/contraluzcucuta.co\/index.php?rest_route=\/wp\/v2\/posts\/28271\/revisions\/28273"}],"wp:featuredmedia":[{"embeddable":true,"href":"https:\/\/contraluzcucuta.co\/index.php?rest_route=\/wp\/v2\/media\/28272"}],"wp:attachment":[{"href":"https:\/\/contraluzcucuta.co\/index.php?rest_route=%2Fwp%2Fv2%2Fmedia&parent=28271"}],"wp:term":[{"taxonomy":"category","embeddable":true,"href":"https:\/\/contraluzcucuta.co\/index.php?rest_route=%2Fwp%2Fv2%2Fcategories&post=28271"},{"taxonomy":"post_tag","embeddable":true,"href":"https:\/\/contraluzcucuta.co\/index.php?rest_route=%2Fwp%2Fv2%2Ftags&post=28271"}],"curies":[{"name":"wp","href":"https:\/\/api.w.org\/{rel}","templated":true}]}}