{"id":28238,"date":"2016-09-25T10:04:48","date_gmt":"2016-09-25T15:04:48","guid":{"rendered":"http:\/\/contraluzcucuta.co\/?p=28238"},"modified":"2016-09-25T10:04:48","modified_gmt":"2016-09-25T15:04:48","slug":"quinceaneras-sueno-cumplido-14-jovencitas-celebraron-sus-15-anos","status":"publish","type":"post","link":"https:\/\/contraluzcucuta.co\/?p=28238","title":{"rendered":"QUINCEA\u00d1ERAS. Sue\u00f1o cumplido, 14 jovencitas celebraron sus 15 a\u00f1os"},"content":{"rendered":"<p><strong>C\u00daCUTA<\/strong>.- Catorce jovencitas de C\u00facuta y Los Patios celebraron por todo lo alto y de manera conjunta sus 15 primaveras. La Polic\u00eda Metropolitana les cumpli\u00f3 el sue\u00f1o, en desarrollo de las actividades de acercamiento con la comunidad.<\/p>\n<p>Las homenajeadas, residentes en los barrios Cuberos Ni\u00f1o, Alfonso L\u00f3pez, El Progreso, Pizarro, Ospina P\u00e9rez, Cerro Norte, Cerro de la Cruz, Santa Ana, Arnulfo Brice\u00f1o y Alonsito, de C\u00facuta, y Daniel Jord\u00e1n y Videlso, de Los Patios, fueron seleccionadas durante las labores \u00a0que a diario llevan a cabo los agentes del \u00c1rea de Prevenci\u00f3n y Educaci\u00f3n Ciudadana (Preci).<\/p>\n<p>Ante las condiciones vulnerables en las que viven y la imposibilidad de celebrar esta fecha tan especial, se tom\u00f3 la decisi\u00f3n de unir esfuerzos para lograr que celebraran como toda joven lo sue\u00f1a. Las cumplea\u00f1eras estuvieron llenas de alegr\u00eda, vistieron bellos trajes, bailaron el tradicional vals y compartieron con familiares y allegados.<\/p>\n<p>Comerciantes y particulares aceptaron la invitaci\u00f3n a unirse a esta causa comunitaria y aportaron elementos y servicios para vestirlas como princesas y hacerlas protagonistas de una gran celebraci\u00f3n. Luego de varios ensayos y ajustes de detalles, lleg\u00f3 el gran d\u00eda.<\/p>\n<p>La recepci\u00f3n se organiz\u00f3 en un hotel de Villa del Rosario, los uniformados les hicieron \u00a0calle de honor y las llevaron hasta el sal\u00f3n donde recibieron las sorpresas, para que esta fecha tan especial se convirtiera en el mejor recuerdo. Las jovencitas, familiares, invitados y polic\u00edas disfrutaron de la fiesta.<\/p>\n<p>Las quincea\u00f1eras tuvieron una celebraci\u00f3n que incluy\u00f3 eucarist\u00eda, cambio de zapatillas por sus padres, serenata con mariachis, brindis, presentaciones musicales y torta.<\/p>\n<p>En medio de sonrisas, l\u00e1grimas, fotograf\u00edas y satisfacci\u00f3n por cumplir ese sue\u00f1o, las j\u00f3venes \u00a0regresaron a casa felices y con muchos recuerdos, entre ellos, saber que todo es posible s\u00ed se trabaja en equipo con apoyo de autoridades, comunidad y familiares.<\/p>\n<p>A la fiesta asistieron los coroneles Yesid Arango y William Donato, comandante y subcomandante de la Polic\u00eda Metropolitana de C\u00facuta, y C\u00e9sar Rojas, alcalde de C\u00facuta.<\/p>\n<p><strong>Foto: PRENSA MECUC<\/strong><\/p>\n<p>&nbsp;<\/p>\n<p>&nbsp;<\/p>\n<p>&nbsp; <\/p>\n","protected":false},"excerpt":{"rendered":"<p>C\u00daCUTA.- Catorce jovencitas de C\u00facuta y Los Patios celebraron por todo lo alto y de manera conjunta sus 15 primaveras. La Polic\u00eda Metropolitana les cumpli\u00f3 el sue\u00f1o, en desarrollo de las actividades de acercamiento con la comunidad. Las homenajeadas, residentes en los barrios Cuberos Ni\u00f1o, Alfonso L\u00f3pez, El Progreso, Pizarro, Ospina P\u00e9rez, Cerro Norte, Cerro &hellip;<\/p>\n","protected":false},"author":1,"featured_media":28239,"comment_status":"open","ping_status":"open","sticky":false,"template":"","format":"standard","meta":{"footnotes":""},"categories":[11,4],"tags":[3241,3240,3242,323,163,3243],"class_list":["post-28238","post","type-post","status-publish","format-standard","has-post-thumbnail","hentry","category-cronica-roja","category-barra","tag-coronel-william","tag-coronel-yesid-arango","tag-donato","tag-mecuc","tag-policia-metropolitana","tag-quinceaneras"],"_links":{"self":[{"href":"https:\/\/contraluzcucuta.co\/index.php?rest_route=\/wp\/v2\/posts\/28238","targetHints":{"allow":["GET"]}}],"collection":[{"href":"https:\/\/contraluzcucuta.co\/index.php?rest_route=\/wp\/v2\/posts"}],"about":[{"href":"https:\/\/contraluzcucuta.co\/index.php?rest_route=\/wp\/v2\/types\/post"}],"author":[{"embeddable":true,"href":"https:\/\/contraluzcucuta.co\/index.php?rest_route=\/wp\/v2\/users\/1"}],"replies":[{"embeddable":true,"href":"https:\/\/contraluzcucuta.co\/index.php?rest_route=%2Fwp%2Fv2%2Fcomments&post=28238"}],"version-history":[{"count":1,"href":"https:\/\/contraluzcucuta.co\/index.php?rest_route=\/wp\/v2\/posts\/28238\/revisions"}],"predecessor-version":[{"id":28240,"href":"https:\/\/contraluzcucuta.co\/index.php?rest_route=\/wp\/v2\/posts\/28238\/revisions\/28240"}],"wp:featuredmedia":[{"embeddable":true,"href":"https:\/\/contraluzcucuta.co\/index.php?rest_route=\/wp\/v2\/media\/28239"}],"wp:attachment":[{"href":"https:\/\/contraluzcucuta.co\/index.php?rest_route=%2Fwp%2Fv2%2Fmedia&parent=28238"}],"wp:term":[{"taxonomy":"category","embeddable":true,"href":"https:\/\/contraluzcucuta.co\/index.php?rest_route=%2Fwp%2Fv2%2Fcategories&post=28238"},{"taxonomy":"post_tag","embeddable":true,"href":"https:\/\/contraluzcucuta.co\/index.php?rest_route=%2Fwp%2Fv2%2Ftags&post=28238"}],"curies":[{"name":"wp","href":"https:\/\/api.w.org\/{rel}","templated":true}]}}