{"id":28229,"date":"2016-09-22T22:13:48","date_gmt":"2016-09-23T03:13:48","guid":{"rendered":"http:\/\/contraluzcucuta.co\/?p=28229"},"modified":"2016-09-22T22:13:48","modified_gmt":"2016-09-23T03:13:48","slug":"puente-simon-bolivar-paso-restringido-para-vehiculos-de-carga-pesada","status":"publish","type":"post","link":"https:\/\/contraluzcucuta.co\/?p=28229","title":{"rendered":"PUENTE SIM\u00d3N BOL\u00cdVAR.- Paso restringido para veh\u00edculos de carga pesada"},"content":{"rendered":"<p><strong>C\u00daCUTA.-<\/strong> El puente internacional Sim\u00f3n Bol\u00edvar, que une a Villa del Rosario (Colombia) con el estado T\u00e1chira (Venezuela), ser\u00e1 reabierto este 23 de septiembre para permitir el tr\u00e1nsito de tractomulas. La decisi\u00f3n se tom\u00f3 luego de la \u00a0Primera Rueda Binacional de Negocios, que se efectu\u00f3 en San Crist\u00f3bal (Venezuela).<\/p>\n<p>Desde agosto de 2015, cuando el presidente Nicol\u00e1s Maduro orden\u00f3 el cierre del paso peatonal y vehicular, el puente se ha abierto en contadas ocasiones. En m\u00e1s de un a\u00f1o de crisis fronteriza, se ha permitido el corredor humanitario, se levantaron las barricadas por escasas horas para dejar veh\u00edculos livianos y se toler\u00f3 la caminata de tachirenses hacia C\u00facuta en busca de alimentos y medicamentos.<\/p>\n<p>Inicialmente, cruzar\u00e1n los tracto camiones que ir\u00e1n hasta Arauca a recoger el arroz que ser\u00e1 trillado en C\u00facuta y comercializado en el vecino pa\u00eds. Se espera que el retorno est\u00e9 autorizado por el Gobierno de Venezuela. La decisi\u00f3n cobijar\u00e1 a otros cuatro puentes fronterizos de la regi\u00f3n y Arauca.<\/p>\n<p>Los gobernadores de Norte de Santander, William Villamizar, y del estado T\u00e1chira, estado T\u00e1chira, Jos\u00e9 Vielma Mora, se reunieron, el 22 de septiembre, en San Crist\u00f3bal. Volver\u00e1n a encontrarse, este viernes, en el puente Sim\u00f3n Bol\u00edvar, a las 7:00 de la noche (hora colombiana). El corte de cinta dar\u00e1 paso al tr\u00e1nsito de automotores de carga pesada en ambos sentidos.<\/p>\n<p>Este gesto se ha tomado como pre\u00e1mbulo a la apertura total de los elevados sobre el r\u00edo Pamplonita. Estar\u00e1 habilitado desde las 8:00 de la noche y por cuatro horas, de lunes a viernes. La medida coincide con lo manifestado por las autoridades civiles, de lograr la apertura de manera gradual y organizada.<\/p>\n<p>Otros asuntos tratados por los gobernadores son los siguientes:<\/p>\n<p>1.- Tarjeta de vecindad fronteriza. Para el paso de estudiantes, trabajadores y comerciantes. Se trata del medio digital que contendr\u00e1 datos del peat\u00f3n y la necesidad de cruzar a alguno de los dos pa\u00edses.<\/p>\n<p>Migraci\u00f3n Colombia y el Servicio Administrativo de Migraci\u00f3n y Extranjer\u00eda (Saime) han entregado 10.000 tarjetas, del mill\u00f3n previst.<\/p>\n<p>2.- Suministro de combustible. La pr\u00f3xima semana, se efectuar\u00e1 la reuni\u00f3n de los ministros de Minas y Energ\u00eda de Colombia y de Petr\u00f3leos de Venezuela. Tratar\u00e1n la importaci\u00f3n de gasolina hacia Norte de Santander, para atacar de frente el contrabando.<\/p>\n<p>3.- Tr\u00e1nsito organizado en la frontera. Consiste en el recorrido de autobuses climatizados entre San Antonio del T\u00e1chira y Villa del Rosario. \u201cEsta es una idea del presidente Nicol\u00e1s Maduro, y se espera que en 15 d\u00edas lleguen las primeras 30 unidades. A\u00fan est\u00e1 en estudio cu\u00e1les ser\u00e1n los recorrido y el valor de los pasajes\u201d, dijo Vielma Mora.<\/p>\n<p>4.- Rueda Binacional de Negocios. El gobernador Villamizar expres\u00f3 que el prop\u00f3sito es encaminar el departamento a la productividad. \u201cEso se facilita con los clientes competitivos y empresas colombianas que tienen la posibilidad de adquirir productos venezolanos a menor costo, para generar desarrollo comercial y empleo\u201d.<\/p>\n<p><strong>Foto: www.minutouno.com<\/strong> <\/p>\n","protected":false},"excerpt":{"rendered":"<p>C\u00daCUTA.- El puente internacional Sim\u00f3n Bol\u00edvar, que une a Villa del Rosario (Colombia) con el estado T\u00e1chira (Venezuela), ser\u00e1 reabierto este 23 de septiembre para permitir el tr\u00e1nsito de tractomulas. La decisi\u00f3n se tom\u00f3 luego de la \u00a0Primera Rueda Binacional de Negocios, que se efectu\u00f3 en San Crist\u00f3bal (Venezuela). Desde agosto de 2015, cuando el &hellip;<\/p>\n","protected":false},"author":1,"featured_media":28230,"comment_status":"open","ping_status":"open","sticky":false,"template":"","format":"standard","meta":{"footnotes":""},"categories":[1326,4,2630],"tags":[2483,2800,3238,177],"class_list":["post-28229","post","type-post","status-publish","format-standard","has-post-thumbnail","hentry","category-crisis-en-venezuela-2","category-barra","category-gobernacion","tag-crisis-en-la-frontera","tag-gobernador-william-villamizar","tag-jose-vielma-mora","tag-puente-simon-bolivar"],"_links":{"self":[{"href":"https:\/\/contraluzcucuta.co\/index.php?rest_route=\/wp\/v2\/posts\/28229","targetHints":{"allow":["GET"]}}],"collection":[{"href":"https:\/\/contraluzcucuta.co\/index.php?rest_route=\/wp\/v2\/posts"}],"about":[{"href":"https:\/\/contraluzcucuta.co\/index.php?rest_route=\/wp\/v2\/types\/post"}],"author":[{"embeddable":true,"href":"https:\/\/contraluzcucuta.co\/index.php?rest_route=\/wp\/v2\/users\/1"}],"replies":[{"embeddable":true,"href":"https:\/\/contraluzcucuta.co\/index.php?rest_route=%2Fwp%2Fv2%2Fcomments&post=28229"}],"version-history":[{"count":1,"href":"https:\/\/contraluzcucuta.co\/index.php?rest_route=\/wp\/v2\/posts\/28229\/revisions"}],"predecessor-version":[{"id":28231,"href":"https:\/\/contraluzcucuta.co\/index.php?rest_route=\/wp\/v2\/posts\/28229\/revisions\/28231"}],"wp:featuredmedia":[{"embeddable":true,"href":"https:\/\/contraluzcucuta.co\/index.php?rest_route=\/wp\/v2\/media\/28230"}],"wp:attachment":[{"href":"https:\/\/contraluzcucuta.co\/index.php?rest_route=%2Fwp%2Fv2%2Fmedia&parent=28229"}],"wp:term":[{"taxonomy":"category","embeddable":true,"href":"https:\/\/contraluzcucuta.co\/index.php?rest_route=%2Fwp%2Fv2%2Fcategories&post=28229"},{"taxonomy":"post_tag","embeddable":true,"href":"https:\/\/contraluzcucuta.co\/index.php?rest_route=%2Fwp%2Fv2%2Ftags&post=28229"}],"curies":[{"name":"wp","href":"https:\/\/api.w.org\/{rel}","templated":true}]}}