{"id":28223,"date":"2016-09-22T21:26:37","date_gmt":"2016-09-23T02:26:37","guid":{"rendered":"http:\/\/contraluzcucuta.co\/?p=28223"},"modified":"2016-09-22T21:26:37","modified_gmt":"2016-09-23T02:26:37","slug":"informe-especial-gramalote-sigue-sumergido-en-una-realidad-poco-alentadora","status":"publish","type":"post","link":"https:\/\/contraluzcucuta.co\/?p=28223","title":{"rendered":"INFORME ESPECIAL. Gramalote sigue sumergido en una realidad poco alentadora  \u00a0"},"content":{"rendered":"<p><strong>GRAMALOTE.-<\/strong> En el momento en el que el derrumbe se consum\u00f3, las ayudas del Gobierno no se hicieron esperar. Mercados y subsidios para arriendo llegaron como pa\u00f1itos de agua tibia para una sociedad que no escapaba al instante en que la naturaleza mostr\u00f3 su rigor. Gramalote, el pueblo que quiere regresar de las cenizas como \u2018el ave F\u00e9nix\u2019, no se resigna a desaparecer.<\/p>\n<p>Despu\u00e9s de aquel 17 de diciembre del 2010, las cerca de 1500 familias censadas posteriormente y\u00a0 que a\u00fan hoy permanecen damnificadas, esperan que su antiguo municipio, cuna del caf\u00e9 en Colombia, se reconstruya para retomar lo que ten\u00edan hasta aquella fat\u00eddica ma\u00f1ana de aguinaldos decembrinos, en la que forzados abandonaron sus ra\u00edces.<\/p>\n<p>Para lo que se piensa que sea la tercera reubicaci\u00f3n del casco urbano de Gramalote, despu\u00e9s de 1857 y 1883, se asume un reto por parte de los consorcios responsables de las obras y para la sociedad que desea que el reasentamiento contenga todo lo relacionado con econom\u00eda, cultura, educaci\u00f3n, salud y pol\u00edtica.<\/p>\n<p>En el instante en que la superstici\u00f3n supera la realidad, las obras empiezan a tomar el color de la mayor\u00eda de construcciones en el pa\u00eds. \u201cLo que se cree es que para diciembre se entreguen las primeras 400 casas del Nuevo Gramalote. Un casco urbano que ni siquiera cuenta con la planta de tratamiento de aguas residuales terminada\u201d, dijo Hildana Medina Rojas, lideresa comunal de las veredas.<\/p>\n<p>En el proyecto que lidera Adecom, empresa que cuenta con todos los recursos para la reconstrucci\u00f3n del pueblo, se registra la vinculaci\u00f3n con la comunidad, luego de ser escuchada, aunque poco tenida en cuenta para las obras. \u201cLos gramaloteros piensan que el pueblo va a estar en un a\u00f1o. Eso es imposible\u201d, coment\u00f3 Franklin Leonardo Pineda Rodr\u00edguez, director de Gobierno en L\u00ednea del municipio.<\/p>\n<p>La informaci\u00f3n sobre la construcci\u00f3n no ha sido la mejor. Los gramaloteros no saben del retraso del 72 por ciento y del\u00a0 sobrecosto del 300 por ciento que tienen las obras. El Gobierno sabe que el pueblo no ser\u00e1 terminado para diciembre. Las primeras 600 familias, de las que habla el cronograma de obras del Plan Nacional de Gobierno, no pueden ser reubicadas en el nuevo asentamiento, porque no se ha terminado la reconstrucci\u00f3n.<\/p>\n<p>Las obras se han direccionado ajenas a las necesidades de los habitantes del municipio, que no han\u00a0 sido escuchados. Los trabajos fueron socializados solo para llenar la f\u00f3rmula correspondiente a la aprobaci\u00f3n de los recursos para el proyecto. El nuevo asentamiento lo han dise\u00f1ado como un pueblo dormitorio, sin cabida para el desarrollo econ\u00f3mico, cultural, social y pol\u00edtico que encierra Gramalote.<\/p>\n<p>Decenas de familias jornaleras en las zonas agr\u00edcolas viven otro a\u00f1o entre la incertidumbre. Deambulan como n\u00f3madas que, bajo el veredicto del Gobierno, no son aceptados en la reubicaci\u00f3n del nuevo Gramalote. Es el caso de German Enrique P\u00e9rez, quien camina por las carreteras en busca de una ayuda que lo ubique en sitios seguro para salvaguardarse de las secuelas ocasionadas por la falla geol\u00f3gica, hace seis a\u00f1os.<\/p>\n<p>Para este hombre, el Gobierno ha traicionado su condici\u00f3n de ser humano bueno. \u201cConfi\u00e9 en el Gobierno, pero me dijeron que para m\u00ed no hab\u00eda casa, mejor dicho ni siquiera me dejaron en la calle, porque las calles de Gramalote no existen\u201d. Algunas voces todav\u00eda est\u00e1n cargadas de inconformismo e insatisfacci\u00f3n.<\/p>\n<p>En enero de 2011, el Gobierno encarg\u00f3 a Ingeominas los estudios geol\u00f3gicos y geomorfol\u00f3gicos para determinar la causa del desastre y buscar un sector apto para el reasentamiento. Un mes despu\u00e9s, el servicio geol\u00f3gico preseleccion\u00f3 cuatro sitios: Pomarroso, Miraflores, Ther\u00e1n y San Luis. Descartado Ther\u00e1n por fallas geol\u00f3gicas y San Luis estar fuera del municipio.<\/p>\n<p>En abril, se cre\u00f3 la Comisi\u00f3n Intersectorial, conformada por entidades oficiales y el Ministerio de Ambiente, Vivienda y Desarrollo Territorial. El fin era coordinar la inclusi\u00f3n y la participaci\u00f3n de la comunidad en las acciones para la toma de decisiones.<\/p>\n<p>Valioso el tiempo perdido por el ministerio de Vivienda e Ingeominas en determinar la zona \u00f3ptima para la construcci\u00f3n en Pomarroso. En los avances hacia ese plan, el Fondo Adaptaci\u00f3n determin\u00f3 que los estudios estaban incompletos y que, por tener menor riesgo geol\u00f3gico, \u00a0el lote de Miraflores era el ideal.<\/p>\n<p>El Gobierno cre\u00f3 el plan de desarrollo en infraestructura sin escuchar, analizar y entender las caracter\u00edsticas de los habitantes y las condiciones de vida. El alcalde Jos\u00e9 Tarsicio Celis Rinc\u00f3n est\u00e1 resignado con las decisiones que tom\u00f3 la antecesora Sonia Alejandra Rodr\u00edguez\u00a0 Torrente (2012 \u2013 2015). A\u00fan no se sabe por qu\u00e9 aprob\u00f3 el inicio de las construcciones en Miraflores.<\/p>\n<p>\u201cLas obras en el terreno de Miraflores no se pod\u00edan ejecutar, porque est\u00e1 en zona de reserva h\u00eddrica que proh\u00edbe la construcci\u00f3n en ese territorio\u201d, dijo Hildana Medina. Las casas, en su mayor\u00eda, se est\u00e1n levantando sobre zancos para que a nivel recorra el agua. La lideresa comunal cuida que se incluya a todas las partes por igual: comunidades urbana y rural, empresarios, religiosos, estudiantes, m\u00e9dicos\u00a0 y sociedad.<\/p>\n<p><strong>No todo es material<\/strong><\/p>\n<p>Entre lo inmaterial, y que posee un gran valor en la memoria colectiva, el 17 de diciembre ser\u00e1 declarado como d\u00eda c\u00edvico en Gramalote. La fecha coincide con la muerte del libertador Sim\u00f3n Bol\u00edvar y con la fiesta del Poder Judicial.<\/p>\n<p>Gramalote contar\u00e1 con zonas ecol\u00f3gicas que generar\u00e1n progreso y promover\u00e1n el cuidado del medio ambiente y la no deforestaci\u00f3n de \u00e1rboles, como pilares fundamentales para el desarrollo que se plantea en la regi\u00f3n. Aqu\u00ed, prevalecer\u00e1n los patrones culturales propios de este municipio al occidente del departamento.<\/p>\n<p><strong>V\u00edas de acceso<\/strong><\/p>\n<p>La solicitud para la primera v\u00eda se present\u00f3 el 23 de julio de 2015, para la construcci\u00f3n del\u00a0 intervalo que conecta a Puente G\u00f3mez con Miraflores. Se ha avanzado en el 60,47 por ciento del tramo de 11,2 kil\u00f3metros, con carpeta asf\u00e1ltica de 10 cent\u00edmetros, cunetas, obras de arte, muros de contenci\u00f3n, puentes, encoles, descoles y redise\u00f1o geom\u00e9trico. El presupuesto asciende a $ 34.000 millones.<\/p>\n<p>El trayecto entre Miraflores y Lourdes ha progresado en 48 por ciento de los 2,2 kil\u00f3metros, con presupuesto de $ 17.000 millones, para un total de $ 54.000 millones, otorgados por el Fondo Adaptaci\u00f3n y la Gobernaci\u00f3n, seg\u00fan Rafael Ram\u00edrez, secretario de Infraestructura del departamento. Las obras se encuentran paralizadas y a la intemperie.<\/p>\n<p>La zona de Pomarroso requiere construcci\u00f3n de v\u00edas de mayor longitud, para un total de 25 kil\u00f3metros; para Caimito y La Franja, \u00a010 kil\u00f3metros, y para Miraflores, 7 kil\u00f3metros.<\/p>\n<p>Se espera que con la inversi\u00f3n del ministerio de Transporte las v\u00edas de acceso queden listas, porque los recursos no han sido bajos. Hasta el momento, las carreteras que conectar\u00e1n a Gramalote con el resto del departamento est\u00e1n en condiciones aptas para el regreso de los habitantes al nuevo pueblo.<\/p>\n<p>Lo \u00fanico cierto es que falta un camino por recorrer en esta autopista de contratos y licitaciones. Y aunque en ocasiones se torne con altibajos, los procesos tienen a la expectativa al pa\u00eds y se aguarda que les devuelvan a los damnificados un poco de lo que la tierra les quit\u00f3. Los gramaloteros desean que acabe este sue\u00f1o lo m\u00e1s pronto posible, pero de aqu\u00ed a que se ejecute en su totalidad el proyecto hay mucho trecho.<\/p>\n<p><strong>ANDERSON SALINAS &#8211; CAMILO CASTILLO &#8211; XAMANTHA D\u00cdAZ \u2013 <\/strong><\/p>\n<p><strong>JES\u00daS L\u00c1ZARO &#8211; ISMAEL GAMBOA &#8211; YULIANA MART\u00cdNEZ<\/strong><\/p>\n<p><strong>Estudiantes de Comunicaci\u00f3n Social<\/strong><\/p>\n<p><strong>Universidad de Pamplona<\/strong><\/p>\n<p><strong>Campus de Villa del Rosario<\/strong><\/p>\n<p><strong>Foto: ESPECIAL para <a href=\"http:\/\/www.contraluzcucuta.co\">www.contraluzcucuta.co<\/a><\/strong><\/p>\n<p><strong>\u00a0\u00a0\u00a0\u00a0\u00a0\u00a0\u00a0\u00a0\u00a0\u00a0\u00a0 <\/strong> <\/p>\n","protected":false},"excerpt":{"rendered":"<p>GRAMALOTE.- En el momento en el que el derrumbe se consum\u00f3, las ayudas del Gobierno no se hicieron esperar. Mercados y subsidios para arriendo llegaron como pa\u00f1itos de agua tibia para una sociedad que no escapaba al instante en que la naturaleza mostr\u00f3 su rigor. Gramalote, el pueblo que quiere regresar de las cenizas como &hellip;<\/p>\n","protected":false},"author":1,"featured_media":28224,"comment_status":"open","ping_status":"open","sticky":false,"template":"","format":"standard","meta":{"footnotes":""},"categories":[74,45,4],"tags":[2597,13,153,161],"class_list":["post-28223","post","type-post","status-publish","format-standard","has-post-thumbnail","hentry","category-aula-universitaria","category-destacado","category-barra","tag-aula-universitaria","tag-gramalote","tag-nuevo-gramalote","tag-universidad-de-pamplona"],"_links":{"self":[{"href":"https:\/\/contraluzcucuta.co\/index.php?rest_route=\/wp\/v2\/posts\/28223","targetHints":{"allow":["GET"]}}],"collection":[{"href":"https:\/\/contraluzcucuta.co\/index.php?rest_route=\/wp\/v2\/posts"}],"about":[{"href":"https:\/\/contraluzcucuta.co\/index.php?rest_route=\/wp\/v2\/types\/post"}],"author":[{"embeddable":true,"href":"https:\/\/contraluzcucuta.co\/index.php?rest_route=\/wp\/v2\/users\/1"}],"replies":[{"embeddable":true,"href":"https:\/\/contraluzcucuta.co\/index.php?rest_route=%2Fwp%2Fv2%2Fcomments&post=28223"}],"version-history":[{"count":1,"href":"https:\/\/contraluzcucuta.co\/index.php?rest_route=\/wp\/v2\/posts\/28223\/revisions"}],"predecessor-version":[{"id":28225,"href":"https:\/\/contraluzcucuta.co\/index.php?rest_route=\/wp\/v2\/posts\/28223\/revisions\/28225"}],"wp:featuredmedia":[{"embeddable":true,"href":"https:\/\/contraluzcucuta.co\/index.php?rest_route=\/wp\/v2\/media\/28224"}],"wp:attachment":[{"href":"https:\/\/contraluzcucuta.co\/index.php?rest_route=%2Fwp%2Fv2%2Fmedia&parent=28223"}],"wp:term":[{"taxonomy":"category","embeddable":true,"href":"https:\/\/contraluzcucuta.co\/index.php?rest_route=%2Fwp%2Fv2%2Fcategories&post=28223"},{"taxonomy":"post_tag","embeddable":true,"href":"https:\/\/contraluzcucuta.co\/index.php?rest_route=%2Fwp%2Fv2%2Ftags&post=28223"}],"curies":[{"name":"wp","href":"https:\/\/api.w.org\/{rel}","templated":true}]}}