{"id":28218,"date":"2016-09-22T15:31:45","date_gmt":"2016-09-22T20:31:45","guid":{"rendered":"http:\/\/contraluzcucuta.co\/?p=28218"},"modified":"2016-09-22T15:31:45","modified_gmt":"2016-09-22T20:31:45","slug":"necrologia-pedro-infante-no-tengo-plata-pero-ganado-muchas-cosas-para-mi-vida","status":"publish","type":"post","link":"https:\/\/contraluzcucuta.co\/?p=28218","title":{"rendered":"NECROLOG\u00cdA. Pedro Infante: \u201cNo tengo plata, pero he ganado muchas cosas para mi vida\u201d"},"content":{"rendered":"<p><strong>C\u00daCUTA.-<\/strong> En el barrio Sevilla, el 15 de abril de 1956, naci\u00f3 Pedro Infante. A los 7 a\u00f1os se fue a vivir a Los Patios. All\u00ed, pas\u00f3 medio siglo y por problemas de diversa \u00edndole debi\u00f3 mudarse para Guaimaral (C\u00facuta).<\/p>\n<p>Se levantaba a las 5:00 de la ma\u00f1ana y lo primero que hac\u00eda eran sus oraciones. No pod\u00eda salir de casa sin haber le\u00eddo el peri\u00f3dico y escuchar radio. Iba a misa y despu\u00e9s se desplazaba al trabajo.<\/p>\n<p>En la adolescencia fue desordenado. Un d\u00eda mostr\u00f3 arrepentimiento por\u00a0 haber ca\u00eddo en ese mundo que no quer\u00eda recordar. Tampoco deseaba que nadie cayera. Como apoyo para salir de ese tormentoso pasado tuvo a su esposa.<\/p>\n<p>El hermano mayor siempre se preocup\u00f3 porque Pedro estudiara. Pas\u00f3 por el colegio y se gradu\u00f3 como bachiller. Quiso estudiar Derecho, pero la situaci\u00f3n econ\u00f3mica no se lo permiti\u00f3. Ingres\u00f3 a la universidad para prepararse como administrador de empresas aunque no le gustaba la matem\u00e1tica. No termin\u00f3 la carrera.<\/p>\n<p>El gusto por los medios de comunicaci\u00f3n lo llev\u00f3 a la radio y consideraba que ten\u00eda \u00e9xito en el periodismo. Aunque no pas\u00f3 por la academia se desenvolv\u00eda bien en la radio. Trabaj\u00f3 en muchas emisoras de la ciudad y uno de sus profesores fue Luis Eduardo Mantilla.<\/p>\n<p>\u201cNo tengo plata, pero he ganado muchas cosas para mi vida\u201d, dec\u00eda Pedro Infante. No cantaba como el tocayo mexicano, pero hablaba como pocos. Med\u00eda las palabras y buscaba sin\u00f3nimos para demostrar la cultura ganada con la lectura de libros. Lo apasionaban las cr\u00f3nicas de Gabriel Garc\u00eda M\u00e1rquez, escritor con el que se identific\u00f3 por el estilo literario.<\/p>\n<p>Trabaj\u00f3 en la Voz del Norte y Radio Punto. Por casualidad lleg\u00f3 a Apuestas C\u00facuta 75. Un d\u00eda, en el parque Santander, la suerte estuvo de su lado. Le dieron la \u2018chance\u2019 de animar una actividad de la empresa y se qued\u00f3. Al due\u00f1o de la agencia le gust\u00f3 lo que hizo y lo dej\u00f3 al frente de esa responsabilidad de ir por las calles cucute\u00f1as en busca de clientes para las rifas.<\/p>\n<p>\u201cMi esposa es el motor de mi vida\u201d. Con voz entrecortada recordaba a la madre de sus cinco hijos y confes\u00f3 sentirse arrepentido por el tiempo que la dej\u00f3 sola. Los \u00faltimos a\u00f1os los comparti\u00f3 m\u00e1s con la familia y hasta se consideraba buen abuelo.<\/p>\n<p>Era hincha del C\u00facuta Deportivo. En materia de deportes, \u201cprimero el C\u00facuta, segundo el C\u00facuta y tercero el C\u00facuta. Pero no soy alcahueta. Me duele lo que le pase al equipo\u201d.<\/p>\n<p>Se sent\u00eda feliz con lo que hac\u00eda y con lo que ten\u00eda. Viv\u00eda agradecido con Dios por todo lo que le dio.<\/p>\n<p><strong>Foto: ARCHIVO<\/strong><\/p>\n<p>(Adaptaci\u00f3n del perfil publicado el 11 de noviembre de 2013) <\/p>\n","protected":false},"excerpt":{"rendered":"<p>C\u00daCUTA.- En el barrio Sevilla, el 15 de abril de 1956, naci\u00f3 Pedro Infante. A los 7 a\u00f1os se fue a vivir a Los Patios. All\u00ed, pas\u00f3 medio siglo y por problemas de diversa \u00edndole debi\u00f3 mudarse para Guaimaral (C\u00facuta). Se levantaba a las 5:00 de la ma\u00f1ana y lo primero que hac\u00eda eran sus &hellip;<\/p>\n","protected":false},"author":1,"featured_media":28216,"comment_status":"open","ping_status":"open","sticky":false,"template":"","format":"standard","meta":{"footnotes":""},"categories":[4,1967],"tags":[345],"class_list":["post-28218","post","type-post","status-publish","format-standard","has-post-thumbnail","hentry","category-barra","category-necrologias","tag-pedro-infante"],"_links":{"self":[{"href":"https:\/\/contraluzcucuta.co\/index.php?rest_route=\/wp\/v2\/posts\/28218","targetHints":{"allow":["GET"]}}],"collection":[{"href":"https:\/\/contraluzcucuta.co\/index.php?rest_route=\/wp\/v2\/posts"}],"about":[{"href":"https:\/\/contraluzcucuta.co\/index.php?rest_route=\/wp\/v2\/types\/post"}],"author":[{"embeddable":true,"href":"https:\/\/contraluzcucuta.co\/index.php?rest_route=\/wp\/v2\/users\/1"}],"replies":[{"embeddable":true,"href":"https:\/\/contraluzcucuta.co\/index.php?rest_route=%2Fwp%2Fv2%2Fcomments&post=28218"}],"version-history":[{"count":1,"href":"https:\/\/contraluzcucuta.co\/index.php?rest_route=\/wp\/v2\/posts\/28218\/revisions"}],"predecessor-version":[{"id":28219,"href":"https:\/\/contraluzcucuta.co\/index.php?rest_route=\/wp\/v2\/posts\/28218\/revisions\/28219"}],"wp:featuredmedia":[{"embeddable":true,"href":"https:\/\/contraluzcucuta.co\/index.php?rest_route=\/wp\/v2\/media\/28216"}],"wp:attachment":[{"href":"https:\/\/contraluzcucuta.co\/index.php?rest_route=%2Fwp%2Fv2%2Fmedia&parent=28218"}],"wp:term":[{"taxonomy":"category","embeddable":true,"href":"https:\/\/contraluzcucuta.co\/index.php?rest_route=%2Fwp%2Fv2%2Fcategories&post=28218"},{"taxonomy":"post_tag","embeddable":true,"href":"https:\/\/contraluzcucuta.co\/index.php?rest_route=%2Fwp%2Fv2%2Ftags&post=28218"}],"curies":[{"name":"wp","href":"https:\/\/api.w.org\/{rel}","templated":true}]}}