{"id":28212,"date":"2016-09-22T14:25:56","date_gmt":"2016-09-22T19:25:56","guid":{"rendered":"http:\/\/contraluzcucuta.co\/?p=28212"},"modified":"2016-09-22T14:25:56","modified_gmt":"2016-09-22T19:25:56","slug":"marcan-motos-para-reducir-hurto","status":"publish","type":"post","link":"https:\/\/contraluzcucuta.co\/?p=28212","title":{"rendered":"Marcan MOTOS PARA REDUCIR hurto"},"content":{"rendered":"<p><strong>C\u00daCUTA.-<\/strong> La Polic\u00eda Metropolitana de C\u00facuta (Mecuc) desarrolla una campa\u00f1a preventiva, consistente en la marcaci\u00f3n gratuita de motocicletas, para evitar el hurto en esta ciudad. Agentes del \u00c1rea de Prevenci\u00f3n y Educaci\u00f3n Ciudadana (Preci), la Seccional de Investigaci\u00f3n Criminal (Sijin) y la Estaci\u00f3n de Polic\u00eda Centro llegaron al parque Col\u00f3n y marcan gratis m\u00e1s un centenar de motos.<\/p>\n<p>Los conductores que acudieron \u00a0hasta el punto de marcaci\u00f3n, luego de que personal de la Sijin) verificara la documentaci\u00f3n y los sistemas de identificaci\u00f3n para determinar s\u00ed se encontraban reportadas como hurtadas o estaban vinculadas a alg\u00fan hecho delictivo.<\/p>\n<p>El sistema \u2018Motor Toll\u2019 se aplic\u00f3 en \u00a0motor, barras, tubo de escape y rines. Las motos colombianas se insertaron las placas de identificaci\u00f3n y en las venezolanas se marcaron los cuatro \u00faltimos d\u00edgitos del n\u00famero de chasis.<\/p>\n<p>Los uniformados distribuyeron volantes con recomendaciones de seguridad para invitar a la comunidad a cuidar el patrimonio, evitar dejar estacionados los automotores en sitios desolados y v\u00edas p\u00fablicas, y \u00a0guardarlos en parqueaderos y garajes.<\/p>\n<p>La iniciativa preventiva cuenta con el apoyo de la Polic\u00eda C\u00edvica de Mayores y se lleva a cabo en sitios priorizados de C\u00facuta y otras localidades metropolitanas con el objetivo de contrarrestar el hurto de motocicletas y la posterior comercializaci\u00f3n en autopartes.<\/p>\n<p><strong>Foto: PRENSA MECUC<\/strong><\/p>\n<p>&nbsp; <\/p>\n","protected":false},"excerpt":{"rendered":"<p>C\u00daCUTA.- La Polic\u00eda Metropolitana de C\u00facuta (Mecuc) desarrolla una campa\u00f1a preventiva, consistente en la marcaci\u00f3n gratuita de motocicletas, para evitar el hurto en esta ciudad. Agentes del \u00c1rea de Prevenci\u00f3n y Educaci\u00f3n Ciudadana (Preci), la Seccional de Investigaci\u00f3n Criminal (Sijin) y la Estaci\u00f3n de Polic\u00eda Centro llegaron al parque Col\u00f3n y marcan gratis m\u00e1s un &hellip;<\/p>\n","protected":false},"author":1,"featured_media":28213,"comment_status":"open","ping_status":"open","sticky":false,"template":"","format":"standard","meta":{"footnotes":""},"categories":[11],"tags":[293],"class_list":["post-28212","post","type-post","status-publish","format-standard","has-post-thumbnail","hentry","category-cronica-roja","tag-policia-metropolitana-de-cucuta"],"_links":{"self":[{"href":"https:\/\/contraluzcucuta.co\/index.php?rest_route=\/wp\/v2\/posts\/28212","targetHints":{"allow":["GET"]}}],"collection":[{"href":"https:\/\/contraluzcucuta.co\/index.php?rest_route=\/wp\/v2\/posts"}],"about":[{"href":"https:\/\/contraluzcucuta.co\/index.php?rest_route=\/wp\/v2\/types\/post"}],"author":[{"embeddable":true,"href":"https:\/\/contraluzcucuta.co\/index.php?rest_route=\/wp\/v2\/users\/1"}],"replies":[{"embeddable":true,"href":"https:\/\/contraluzcucuta.co\/index.php?rest_route=%2Fwp%2Fv2%2Fcomments&post=28212"}],"version-history":[{"count":1,"href":"https:\/\/contraluzcucuta.co\/index.php?rest_route=\/wp\/v2\/posts\/28212\/revisions"}],"predecessor-version":[{"id":28214,"href":"https:\/\/contraluzcucuta.co\/index.php?rest_route=\/wp\/v2\/posts\/28212\/revisions\/28214"}],"wp:featuredmedia":[{"embeddable":true,"href":"https:\/\/contraluzcucuta.co\/index.php?rest_route=\/wp\/v2\/media\/28213"}],"wp:attachment":[{"href":"https:\/\/contraluzcucuta.co\/index.php?rest_route=%2Fwp%2Fv2%2Fmedia&parent=28212"}],"wp:term":[{"taxonomy":"category","embeddable":true,"href":"https:\/\/contraluzcucuta.co\/index.php?rest_route=%2Fwp%2Fv2%2Fcategories&post=28212"},{"taxonomy":"post_tag","embeddable":true,"href":"https:\/\/contraluzcucuta.co\/index.php?rest_route=%2Fwp%2Fv2%2Ftags&post=28212"}],"curies":[{"name":"wp","href":"https:\/\/api.w.org\/{rel}","templated":true}]}}