{"id":28206,"date":"2016-09-21T16:17:59","date_gmt":"2016-09-21T21:17:59","guid":{"rendered":"http:\/\/contraluzcucuta.co\/?p=28206"},"modified":"2016-09-21T16:17:59","modified_gmt":"2016-09-21T21:17:59","slug":"sisben-brigadas-llegan-bocono-la-union","status":"publish","type":"post","link":"https:\/\/contraluzcucuta.co\/?p=28206","title":{"rendered":"SISB\u00c9N. Brigadas\u00a0llegan a Bocon\u00f3 &#8211; La Uni\u00f3n"},"content":{"rendered":"<p><strong>C\u00daCUTA.-<\/strong> Las brigadas del Sisben iniciaron esta semana en el asentamiento humano Nueva Ilusi\u00f3n y luego se trasladar\u00e1 a los barrios Cumbres del Norte, Cerro Norte, Bocon\u00f3, La Uni\u00f3n y Scalabrini, de 8:00 de la ma\u00f1ana a 12:00 del d\u00eda.<\/p>\n<p>Las jornadas institucionales son acompa\u00f1adas por M\u00e1s Familias en Acci\u00f3n, Bienestar Social, Equidad de G\u00e9nero, Imsalud y Secretar\u00eda\u00a0 de Salud, distribuidas de la siguiente manera:<\/p>\n<ul>\n<li>22 de septiembre, barri\u00f3 Bocon\u00f3 \u2013 La Uni\u00f3n.<\/li>\n<li>23 de septiembre, barrio Scalabrini, cancha principal.<\/li>\n<\/ul>\n<p>Los interesados deben asistir con fotocopia del documento de identidad colombiano o c\u00e9dula de extranjer\u00eda y un recibo de servicio p\u00fablico de vigencia 2016.<\/p>\n<p>La Alcald\u00eda de C\u00facuta tiene el firme prop\u00f3sito de hacer presencia institucional en los barrios de estratos uno a tres de la ciudad, vincul\u00e1ndolos a los planes y programas de los cuales se pueden beneficiar todas las familias.<\/p>\n<p><strong>Foto: PRENSA ALCALD\u00cdA<\/strong><\/p>\n<p>&nbsp; <\/p>\n","protected":false},"excerpt":{"rendered":"<p>C\u00daCUTA.- Las brigadas del Sisben iniciaron esta semana en el asentamiento humano Nueva Ilusi\u00f3n y luego se trasladar\u00e1 a los barrios Cumbres del Norte, Cerro Norte, Bocon\u00f3, La Uni\u00f3n y Scalabrini, de 8:00 de la ma\u00f1ana a 12:00 del d\u00eda. Las jornadas institucionales son acompa\u00f1adas por M\u00e1s Familias en Acci\u00f3n, Bienestar Social, Equidad de G\u00e9nero, &hellip;<\/p>\n","protected":false},"author":1,"featured_media":28207,"comment_status":"open","ping_status":"open","sticky":false,"template":"","format":"standard","meta":{"footnotes":""},"categories":[2625],"tags":[226,3129],"class_list":["post-28206","post","type-post","status-publish","format-standard","has-post-thumbnail","hentry","category-alcaldia-de-cucuta","tag-alcaldia-de-cucuta","tag-sisben-cucuta"],"_links":{"self":[{"href":"https:\/\/contraluzcucuta.co\/index.php?rest_route=\/wp\/v2\/posts\/28206","targetHints":{"allow":["GET"]}}],"collection":[{"href":"https:\/\/contraluzcucuta.co\/index.php?rest_route=\/wp\/v2\/posts"}],"about":[{"href":"https:\/\/contraluzcucuta.co\/index.php?rest_route=\/wp\/v2\/types\/post"}],"author":[{"embeddable":true,"href":"https:\/\/contraluzcucuta.co\/index.php?rest_route=\/wp\/v2\/users\/1"}],"replies":[{"embeddable":true,"href":"https:\/\/contraluzcucuta.co\/index.php?rest_route=%2Fwp%2Fv2%2Fcomments&post=28206"}],"version-history":[{"count":1,"href":"https:\/\/contraluzcucuta.co\/index.php?rest_route=\/wp\/v2\/posts\/28206\/revisions"}],"predecessor-version":[{"id":28208,"href":"https:\/\/contraluzcucuta.co\/index.php?rest_route=\/wp\/v2\/posts\/28206\/revisions\/28208"}],"wp:featuredmedia":[{"embeddable":true,"href":"https:\/\/contraluzcucuta.co\/index.php?rest_route=\/wp\/v2\/media\/28207"}],"wp:attachment":[{"href":"https:\/\/contraluzcucuta.co\/index.php?rest_route=%2Fwp%2Fv2%2Fmedia&parent=28206"}],"wp:term":[{"taxonomy":"category","embeddable":true,"href":"https:\/\/contraluzcucuta.co\/index.php?rest_route=%2Fwp%2Fv2%2Fcategories&post=28206"},{"taxonomy":"post_tag","embeddable":true,"href":"https:\/\/contraluzcucuta.co\/index.php?rest_route=%2Fwp%2Fv2%2Ftags&post=28206"}],"curies":[{"name":"wp","href":"https:\/\/api.w.org\/{rel}","templated":true}]}}