{"id":28200,"date":"2016-09-20T23:31:22","date_gmt":"2016-09-21T04:31:22","guid":{"rendered":"http:\/\/contraluzcucuta.co\/?p=28200"},"modified":"2016-09-20T23:31:22","modified_gmt":"2016-09-21T04:31:22","slug":"cucuta-deportivo-velasco-remplaza-prince-en-direccion-tecnica","status":"publish","type":"post","link":"https:\/\/contraluzcucuta.co\/?p=28200","title":{"rendered":"C\u00daCUTA DEPORTIVO. Velasco remplaza a Prince en direcci\u00f3n t\u00e9cnica"},"content":{"rendered":"<p><strong>C\u00daCUTA.-<\/strong> La experiencia acumulada en 465 partidos como profesional es la mayor carta de presentaci\u00f3n del nuevo t\u00e9cnico del C\u00facuta Deportivo. Fernando Velasco remplaza en el cargo a Miguel Augusto Prince, quien no soport\u00f3 la mala racha del club y decidi\u00f3 partir de la capital de Norte de Santander.<\/p>\n<p>El nuevo entrenador de los motilones es vallecaucano y tomar\u00e1 las riendas del partido hoy, 21 de septiembre, \u00a0acompa\u00f1ado por Mauricio Roa (AT) y Julio Charales (PF). El objetivo principal ser\u00e1 mantener al once rojinegro entre los ocho que disputar\u00e1n los cuadrangulares de ascenso.<\/p>\n<p>El presidente del cuadro cucute\u00f1o, Jos\u00e9 Augusto Cadena, se\u00f1al\u00f3 que la decisi\u00f3n de Prince la tom\u00f3 porque \u201cla situaci\u00f3n se estaba volviendo jarta e insostenible\u201d dentro del equipo. Los resultados adversos y la posici\u00f3n en la tabla motivaron la salida del oca\u00f1ero. \u201cDe mutuo acuerdo logramos solucionar el problema\u201d, afirm\u00f3 el dirigente.<\/p>\n<p>Velasco Inici\u00f3, en EL 2004, la carrera como t\u00e9cnico en Cortulu\u00e1, equipo al que ascendi\u00f3, en el 2009, a la Primera A. Pas\u00f3 por Bogot\u00e1 F.C, Atl\u00e9tico Bucaramanga, Uni\u00f3n Magdalena y Am\u00e9rica de Cali (2015). Llega al equipo motil\u00f3n con 465 partidos dirigidos como entrenador profesional.<\/p>\n<p>Cadena reconoci\u00f3 el estancamiento en el rendimiento de los jugadores y dijo que por esos resultados han gastado los ahorros en puntos que alcanzaron en el torneo. \u201cEstamos a tres puntos del noveno\u201d, advirti\u00f3.<\/p>\n<p>En la segunda parte del campeonato de la B el C\u00facuta Deportivo no ha despertado fervor entre los aficionados, que se alejaron de las tribunas y con la firme intenci\u00f3n de no volver. \u201cLos resultados son los que empujan para que la gente regrese\u201d, manifest\u00f3 Cadena y se mostr\u00f3 confiado en volver a ganar para que la gente \u201cregrese en finales, que es cuando realmente los vamos a necesitar\u201d.<\/p>\n<p>Fernando Velasco es conocedor \u00a0del campeonato de ascenso colombiano y la vinculaci\u00f3n al cuadro rojinegro tiene como meta el retorno al rentado nacional.<\/p>\n<p>Jos\u00e9 Augusto Cadena, contrario a lo que dicen aficionados y expertos, cree que la n\u00f3mina motilona alcanzar\u00e1 para disputar las finales. \u201cTuvimos un bache y nos queremos recuperar, porque hay jugadores para eso\u201d.<\/p>\n<p><strong>Foto: Internet<\/strong><\/p>\n<p>&nbsp; <\/p>\n","protected":false},"excerpt":{"rendered":"<p>C\u00daCUTA.- La experiencia acumulada en 465 partidos como profesional es la mayor carta de presentaci\u00f3n del nuevo t\u00e9cnico del C\u00facuta Deportivo. Fernando Velasco remplaza en el cargo a Miguel Augusto Prince, quien no soport\u00f3 la mala racha del club y decidi\u00f3 partir de la capital de Norte de Santander. El nuevo entrenador de los motilones &hellip;<\/p>\n","protected":false},"author":1,"featured_media":28201,"comment_status":"open","ping_status":"open","sticky":false,"template":"","format":"standard","meta":{"footnotes":""},"categories":[4,28],"tags":[2688,192,2628],"class_list":["post-28200","post","type-post","status-publish","format-standard","has-post-thumbnail","hentry","category-barra","category-vistazo-deportivo","tag-nano-prince","tag-cucuta-deportivo","tag-cucuta-deportivo-2016"],"_links":{"self":[{"href":"https:\/\/contraluzcucuta.co\/index.php?rest_route=\/wp\/v2\/posts\/28200","targetHints":{"allow":["GET"]}}],"collection":[{"href":"https:\/\/contraluzcucuta.co\/index.php?rest_route=\/wp\/v2\/posts"}],"about":[{"href":"https:\/\/contraluzcucuta.co\/index.php?rest_route=\/wp\/v2\/types\/post"}],"author":[{"embeddable":true,"href":"https:\/\/contraluzcucuta.co\/index.php?rest_route=\/wp\/v2\/users\/1"}],"replies":[{"embeddable":true,"href":"https:\/\/contraluzcucuta.co\/index.php?rest_route=%2Fwp%2Fv2%2Fcomments&post=28200"}],"version-history":[{"count":1,"href":"https:\/\/contraluzcucuta.co\/index.php?rest_route=\/wp\/v2\/posts\/28200\/revisions"}],"predecessor-version":[{"id":28202,"href":"https:\/\/contraluzcucuta.co\/index.php?rest_route=\/wp\/v2\/posts\/28200\/revisions\/28202"}],"wp:featuredmedia":[{"embeddable":true,"href":"https:\/\/contraluzcucuta.co\/index.php?rest_route=\/wp\/v2\/media\/28201"}],"wp:attachment":[{"href":"https:\/\/contraluzcucuta.co\/index.php?rest_route=%2Fwp%2Fv2%2Fmedia&parent=28200"}],"wp:term":[{"taxonomy":"category","embeddable":true,"href":"https:\/\/contraluzcucuta.co\/index.php?rest_route=%2Fwp%2Fv2%2Fcategories&post=28200"},{"taxonomy":"post_tag","embeddable":true,"href":"https:\/\/contraluzcucuta.co\/index.php?rest_route=%2Fwp%2Fv2%2Ftags&post=28200"}],"curies":[{"name":"wp","href":"https:\/\/api.w.org\/{rel}","templated":true}]}}