{"id":28190,"date":"2016-09-20T22:01:59","date_gmt":"2016-09-21T03:01:59","guid":{"rendered":"http:\/\/contraluzcucuta.co\/?p=28190"},"modified":"2016-09-20T22:01:59","modified_gmt":"2016-09-21T03:01:59","slug":"minas-antipersonal-el-arte-la-mejor-terapia-para-prevenir-accidentes","status":"publish","type":"post","link":"https:\/\/contraluzcucuta.co\/?p=28190","title":{"rendered":"MINAS ANTIPERSONAL. El arte, la mejor terapia para prevenir accidentes"},"content":{"rendered":"<p><strong>C\u00daCUTA.-<\/strong> T\u00edteres, pintura, poes\u00eda y canto sirvieron como elementos instructivos para evitar la afectaci\u00f3n f\u00edsica y social en ni\u00f1os y j\u00f3venes a causa de artefactos explosivos abandonados. El programa \u2018+ Arte, \u2013 Minas, + Sonrisas\u2019, visit\u00f3 en la segunda versi\u00f3n a Oca\u00f1a, La playa, Hacar\u00ed, Convenci\u00f3n, El Carmen, Tib\u00fa, Bochalema, Teorama y San Calixto para generar cultura de paz pro medio del arte.<\/p>\n<p>La Secretar\u00eda de Cultura de Norte de Santander desarroll\u00f3 en nueve municipios de Norte de Santander programas l\u00fadicos y de expresi\u00f3n cultural. El objetivo era prevenir accidentes con \u00a0\u00a0minas antipersonal y municiones sin explotar.<\/p>\n<p>Las instituciones educativas y las casas de la cultura de cada municipio apoyaron los talleres socioafectivos y l\u00fadicos, en los que se cont\u00f3 con el arte como terapia contra la violencia.<\/p>\n<p>La administraci\u00f3n departamental tom\u00f3 como tarea sensibilizar y valorar la vida humana, en lo relacionado con las minas antipersonal. Norte de Santander ocupa el tercer lugar con m\u00e1s campos minados en el pa\u00eds. Diecinueve municipios afrontan este problema.<\/p>\n<p><strong>\u2018Abrazat\u00f3n por el perd\u00f3n y la reconciliaci\u00f3n\u2019<\/strong><\/p>\n<p>En la Plazoleta de Telecom (avenida 0 con calle 10), \u00a0m\u00e1s de 1000 hombres y mujeres, ni\u00f1os, j\u00f3venes \u00a0y adultos, participar\u00e1n en la \u2018Abrazat\u00f3n por el perd\u00f3n y la reconciliaci\u00f3n\u2019. La jornada, organizada por la Agencia Colombiana para la Reintegraci\u00f3n (ACR) y la Unidad de Atenci\u00f3n y Reparaci\u00f3n a las V\u00edctimas (Uariv), en C\u00facuta, se llevar\u00e1 a cabo este 23 de septiembre, de 8:00 a 11:00 de la ma\u00f1ana.<\/p>\n<p>El prop\u00f3sito sensibilizar a los cucute\u00f1os sobre los escenarios positivos que se podr\u00e1n disfrutar con la paz. Joshua Mitrotti, director de la ACR, dijo que \u201cesta es una iniciativa conjunta entre la ACR, la unidad de v\u00edctimas y autoridades locales para demostrar que la reconciliaci\u00f3n hoy en Colombia funciona\u201d.<\/p>\n<p>Los desmovilizados y las v\u00edctimas est\u00e1n encontr\u00e1ndose con las comunidades receptoras y a partir de la intervenci\u00f3n de ambas entidades, m\u00e1s el apoyo de la institucionalidad p\u00fablica y privada, se han generado procesos s\u00f3lidos. Hoy se encuentran desde los puntos en com\u00fan, para romper los ciclos de violencia. \u201cLos abrazos ser\u00e1n un s\u00edmbolo de que en Colombia\u00a0 hemos logrado construir procesos exitosos de reintegraci\u00f3n y reconciliaci\u00f3n\u201d.<\/p>\n<p>A este espacio asistir\u00e1n estudiantes de universidades y colegios, y medios de comunicaci\u00f3n.<\/p>\n<p><strong>Foto: PRENSA GOBERNACI\u00d3N<\/strong><\/p>\n<p>&nbsp; <\/p>\n","protected":false},"excerpt":{"rendered":"<p>C\u00daCUTA.- T\u00edteres, pintura, poes\u00eda y canto sirvieron como elementos instructivos para evitar la afectaci\u00f3n f\u00edsica y social en ni\u00f1os y j\u00f3venes a causa de artefactos explosivos abandonados. El programa \u2018+ Arte, \u2013 Minas, + Sonrisas\u2019, visit\u00f3 en la segunda versi\u00f3n a Oca\u00f1a, La playa, Hacar\u00ed, Convenci\u00f3n, El Carmen, Tib\u00fa, Bochalema, Teorama y San Calixto para &hellip;<\/p>\n","protected":false},"author":1,"featured_media":28191,"comment_status":"open","ping_status":"open","sticky":false,"template":"","format":"standard","meta":{"footnotes":""},"categories":[4,2630],"tags":[3233,1752],"class_list":["post-28190","post","type-post","status-publish","format-standard","has-post-thumbnail","hentry","category-barra","category-gobernacion","tag-abrazaton","tag-arte-en-cucuta"],"_links":{"self":[{"href":"https:\/\/contraluzcucuta.co\/index.php?rest_route=\/wp\/v2\/posts\/28190","targetHints":{"allow":["GET"]}}],"collection":[{"href":"https:\/\/contraluzcucuta.co\/index.php?rest_route=\/wp\/v2\/posts"}],"about":[{"href":"https:\/\/contraluzcucuta.co\/index.php?rest_route=\/wp\/v2\/types\/post"}],"author":[{"embeddable":true,"href":"https:\/\/contraluzcucuta.co\/index.php?rest_route=\/wp\/v2\/users\/1"}],"replies":[{"embeddable":true,"href":"https:\/\/contraluzcucuta.co\/index.php?rest_route=%2Fwp%2Fv2%2Fcomments&post=28190"}],"version-history":[{"count":1,"href":"https:\/\/contraluzcucuta.co\/index.php?rest_route=\/wp\/v2\/posts\/28190\/revisions"}],"predecessor-version":[{"id":28192,"href":"https:\/\/contraluzcucuta.co\/index.php?rest_route=\/wp\/v2\/posts\/28190\/revisions\/28192"}],"wp:featuredmedia":[{"embeddable":true,"href":"https:\/\/contraluzcucuta.co\/index.php?rest_route=\/wp\/v2\/media\/28191"}],"wp:attachment":[{"href":"https:\/\/contraluzcucuta.co\/index.php?rest_route=%2Fwp%2Fv2%2Fmedia&parent=28190"}],"wp:term":[{"taxonomy":"category","embeddable":true,"href":"https:\/\/contraluzcucuta.co\/index.php?rest_route=%2Fwp%2Fv2%2Fcategories&post=28190"},{"taxonomy":"post_tag","embeddable":true,"href":"https:\/\/contraluzcucuta.co\/index.php?rest_route=%2Fwp%2Fv2%2Ftags&post=28190"}],"curies":[{"name":"wp","href":"https:\/\/api.w.org\/{rel}","templated":true}]}}