{"id":28175,"date":"2016-09-18T17:27:26","date_gmt":"2016-09-18T22:27:26","guid":{"rendered":"http:\/\/contraluzcucuta.co\/?p=28175"},"modified":"2016-09-18T17:27:26","modified_gmt":"2016-09-18T22:27:26","slug":"murales-por-la-paz-reflexiones-que-exhortan-al-cese-de-la-violencia","status":"publish","type":"post","link":"https:\/\/contraluzcucuta.co\/?p=28175","title":{"rendered":"MURALES POR LA PAZ. Reflexiones que exhortan al cese de la violencia"},"content":{"rendered":"<p><strong>C\u00daCUTA.-<\/strong> Cuarenta j\u00f3venes plasmaron en murales experiencias para hacer reflexionar a los nortesantandereanos sobre la convivencia. Los autores buscan crear un pensamiento cr\u00edtico en torno a diversos problemas que ocurren en los colegios de C\u00facuta.<\/p>\n<p>Estudiantes de los \u00faltimos grados en el colegio Padre Manuel Brice\u00f1o Fe y Alegr\u00eda, en la Ciudadela Juan Atalaya, generaron espacios de di\u00e1logo para contribuir a la convivencia en las comunas cucute\u00f1as. La Secretar\u00eda de V\u00edctimas, Paz y Posconflicto apoya la iniciativa, que desarrolla el trabajo art\u00edstico en el Estadio de Atletismo del barrio C\u00facuta 75.<\/p>\n<p>La propuesta art\u00edstica se replicar\u00e1 en varios sectores de la ciudad para que los j\u00f3venes plasmen los pensamientos y se llegue a la construcci\u00f3n de paz y de un mundo mejor. Ese es el motivo para pintar murales en diferentes espacios.<\/p>\n<p>Los promotores invitaron a otros estudiantes de las instituciones educativas y habitantes de la Ciudadela a sumarse a la propuesta. El trabajo se basa en representaciones gr\u00e1ficas, frases y trazados que exhortan al cese a la violencia.<\/p>\n<p>\u201cPienso que por medio del arte contribuimos a la construcci\u00f3n de la paz. Buscamos que el p\u00fablico piense y no sea ajeno al drama que vivimos d\u00eda a d\u00eda en las aulas escolares. Que se pongan en los zapatos de las v\u00edctimas y se conmuevan para ser parte del cambio y no del problema\u201d, dijo una de las pintoras.<\/p>\n<p>Luis Fernando Ni\u00f1o, secretario de Victimas, explic\u00f3 el prop\u00f3sito de la actividad. \u201cEs plasmar en los murales experiencias para crear un pensamiento cr\u00edtico en torno a los problemas que surgen en los colegios de la ciudad\u201d.<\/p>\n<p><strong>Cultura para la Paz<\/strong><\/p>\n<p>El Primer taller en Pedagog\u00eda para la Paz \u00a0reuni\u00f3 a alcaldes y personeros de los municipios golpeados por el conflicto armado. Se analiz\u00f3 c\u00f3mo\u00a0 se prepara Norte de Santander para un posible escenario de posconflicto. Los conocimientos adquiridos deben convertirse en acciones concretas en las instituciones oficiales, organizaciones, universidades, gobiernos y la sociedad.<\/p>\n<p>En la capacitaci\u00f3n participaron los alcaldes de Tib\u00fa, Teorama, San Calixto, El Carmen Convenci\u00f3n,\u00a0 Los Patios, Villa del Rosario, Pamplona y Salazar. Concluyeron que la paz no es solo cuesti\u00f3n de seguridad o infraestructura. Buscan generar oportunidades, educar, reconstruir el tejido social, crear planes estrat\u00e9gicos de oportunidades para las familias y recuperar el ambiente, todo alrededor de la paz.<\/p>\n<p><strong>Foto: PRENSA GOBERNACI\u00d3N<\/strong><\/p>\n<p>&nbsp;<\/p>\n<p>&nbsp; <\/p>\n","protected":false},"excerpt":{"rendered":"<p>C\u00daCUTA.- Cuarenta j\u00f3venes plasmaron en murales experiencias para hacer reflexionar a los nortesantandereanos sobre la convivencia. Los autores buscan crear un pensamiento cr\u00edtico en torno a diversos problemas que ocurren en los colegios de C\u00facuta. Estudiantes de los \u00faltimos grados en el colegio Padre Manuel Brice\u00f1o Fe y Alegr\u00eda, en la Ciudadela Juan Atalaya, generaron &hellip;<\/p>\n","protected":false},"author":1,"featured_media":28174,"comment_status":"open","ping_status":"open","sticky":false,"template":"","format":"standard","meta":{"footnotes":""},"categories":[4,5,36],"tags":[2683,3228,2682],"class_list":["post-28175","post","type-post","status-publish","format-standard","has-post-thumbnail","hentry","category-barra","category-justicia-transicional","category-la-voz-del-pueblo","tag-luis-fernando-nino","tag-murales-por-la-paz","tag-secretaria-de-victimas"],"_links":{"self":[{"href":"https:\/\/contraluzcucuta.co\/index.php?rest_route=\/wp\/v2\/posts\/28175","targetHints":{"allow":["GET"]}}],"collection":[{"href":"https:\/\/contraluzcucuta.co\/index.php?rest_route=\/wp\/v2\/posts"}],"about":[{"href":"https:\/\/contraluzcucuta.co\/index.php?rest_route=\/wp\/v2\/types\/post"}],"author":[{"embeddable":true,"href":"https:\/\/contraluzcucuta.co\/index.php?rest_route=\/wp\/v2\/users\/1"}],"replies":[{"embeddable":true,"href":"https:\/\/contraluzcucuta.co\/index.php?rest_route=%2Fwp%2Fv2%2Fcomments&post=28175"}],"version-history":[{"count":1,"href":"https:\/\/contraluzcucuta.co\/index.php?rest_route=\/wp\/v2\/posts\/28175\/revisions"}],"predecessor-version":[{"id":28176,"href":"https:\/\/contraluzcucuta.co\/index.php?rest_route=\/wp\/v2\/posts\/28175\/revisions\/28176"}],"wp:attachment":[{"href":"https:\/\/contraluzcucuta.co\/index.php?rest_route=%2Fwp%2Fv2%2Fmedia&parent=28175"}],"wp:term":[{"taxonomy":"category","embeddable":true,"href":"https:\/\/contraluzcucuta.co\/index.php?rest_route=%2Fwp%2Fv2%2Fcategories&post=28175"},{"taxonomy":"post_tag","embeddable":true,"href":"https:\/\/contraluzcucuta.co\/index.php?rest_route=%2Fwp%2Fv2%2Ftags&post=28175"}],"curies":[{"name":"wp","href":"https:\/\/api.w.org\/{rel}","templated":true}]}}