{"id":28170,"date":"2016-09-18T16:49:20","date_gmt":"2016-09-18T21:49:20","guid":{"rendered":"http:\/\/contraluzcucuta.co\/?p=28170"},"modified":"2016-09-18T16:49:20","modified_gmt":"2016-09-18T21:49:20","slug":"circuito-cultural-25-artistas-llevaran-el-arte-14-municipios-durante-20-dias","status":"publish","type":"post","link":"https:\/\/contraluzcucuta.co\/?p=28170","title":{"rendered":"CIRCUITO CULTURAL. 25 artistas llevar\u00e1n el arte a 14 municipios, durante 20 d\u00edas"},"content":{"rendered":"<p><strong>C\u00daCUTA.-<\/strong> Catorce municipios recibir\u00e1n\u00a0 presentaciones, talleres de formaci\u00f3n en t\u00edteres y circo durante 20 d\u00edas. El Quinto Circuito Cultural se extender\u00e1 del 19 de septiembre al 8 de octubre, para fortalecer los valores de la familia. La meta es generar espacios de encuentro, promoci\u00f3n de las artes y aprovechamiento del tiempo libre.<\/p>\n<p>Las jornadas culturales tendr\u00e1n como epicentro a Labateca, Toledo, Chin\u00e1cota, Herr\u00e1n, Ragonvalia, Bochalema, Durania, Arboledas, Cucutilla, Silos, Chitag\u00e1, Bucarasica, Villacaro y Salazar de las Palmas. Las presentaciones art\u00edsticas llevar\u00e1n mensajes de convivencia y aprendizaje.<\/p>\n<p>Las tem\u00e1ticas y los aprendizajes para la vida contrarrestar\u00e1n el matonismo, la violencia intrafamiliar, el embarazo no deseado en adolescentes y el consumo de sustancias psicoactivas. La poblaci\u00f3n se deleitar\u00e1 con la presentaci\u00f3n de 25 artistas, que reconocen en las artes, los instrumentos de paz y reconciliaci\u00f3n.<\/p>\n<p>\u201cEn los municipios donde vamos a estar no solo vamos a llevar presentaciones, tambi\u00e9n talleres de formaci\u00f3n en t\u00edteres y circo\u201d, dijo Fredy Pab\u00f3n, director de la Corporaci\u00f3n Construyendo Pa\u00eds y del Circuito Cultural y de las Artes 2016. Estas actividades son solicitadas, especialmente, por los formadores para replicarlas y ense\u00f1arlas a los estudiantes de las escuelas de formaci\u00f3n.<\/p>\n<p>La Secretar\u00eda de Cultura Departamental ha fortalecido las actividades culturales enmarcadas en el proceso del fin del conflicto.<\/p>\n<p><strong>Destinos tur\u00edsticos y empresariales<\/strong><\/p>\n<p>La Secretar\u00eda de Desarrollo Econ\u00f3mico de Norte de Santander en alianza con la Corporaci\u00f3n Mixta de Turismo, planear\u00e1n visitas masivas a Durania, C\u00e1cota, La Playa, \u00c1brego y Oca\u00f1a, entre octubre y diciembre, para promover el turismo.<\/p>\n<p>Las localidades fueron escogidas por la Mesa de Turismo Departamental por poseer atractivos hist\u00f3ricos, religiosos y paisaj\u00edsticos que las proyectan como destinos para disfrutar de planes familiares y empresariales en la regi\u00f3n, lo que permitir\u00e1 activar la econom\u00eda.<\/p>\n<p>Antes de ofrecer al p\u00fabico los paquetes tur\u00edsticos, representantes de la Mesa har\u00e1n visitas t\u00e9cnicas para verificar las condiciones de v\u00edas, hoteles, restaurantes y capacidad instalada. La finalidad es acertar en las propuestas que se van a plasmar en los planes de viajes.<\/p>\n<p>La Mesa est\u00e1 conformada por la Secretar\u00eda de Desarrollo Econ\u00f3mico de Norte de Santander, la Secretar\u00eda de Cultura de C\u00facuta, las c\u00e1maras de Comercio de C\u00facuta, Oca\u00f1a y Pamplona, la Asociaci\u00f3n Colombiana de Agencias de Viajes y Turismo (Anato), la Asociaci\u00f3n Colombiana de la Industria Gastron\u00f3mica (Acodres) y la FESC.<\/p>\n<p><strong>Foto: PRENSA GOBERNACI\u00d3N<\/strong> <\/p>\n","protected":false},"excerpt":{"rendered":"<p>C\u00daCUTA.- Catorce municipios recibir\u00e1n\u00a0 presentaciones, talleres de formaci\u00f3n en t\u00edteres y circo durante 20 d\u00edas. El Quinto Circuito Cultural se extender\u00e1 del 19 de septiembre al 8 de octubre, para fortalecer los valores de la familia. La meta es generar espacios de encuentro, promoci\u00f3n de las artes y aprovechamiento del tiempo libre. Las jornadas culturales &hellip;<\/p>\n","protected":false},"author":1,"featured_media":28171,"comment_status":"open","ping_status":"open","sticky":false,"template":"","format":"standard","meta":{"footnotes":""},"categories":[45,4,37],"tags":[661,3227,1835],"class_list":["post-28170","post","type-post","status-publish","format-standard","has-post-thumbnail","hentry","category-destacado","category-barra","category-paseo-cultural","tag-artistas-de-norte-de-santander","tag-circuito-cultural","tag-secretaria-de-cultura"],"_links":{"self":[{"href":"https:\/\/contraluzcucuta.co\/index.php?rest_route=\/wp\/v2\/posts\/28170","targetHints":{"allow":["GET"]}}],"collection":[{"href":"https:\/\/contraluzcucuta.co\/index.php?rest_route=\/wp\/v2\/posts"}],"about":[{"href":"https:\/\/contraluzcucuta.co\/index.php?rest_route=\/wp\/v2\/types\/post"}],"author":[{"embeddable":true,"href":"https:\/\/contraluzcucuta.co\/index.php?rest_route=\/wp\/v2\/users\/1"}],"replies":[{"embeddable":true,"href":"https:\/\/contraluzcucuta.co\/index.php?rest_route=%2Fwp%2Fv2%2Fcomments&post=28170"}],"version-history":[{"count":1,"href":"https:\/\/contraluzcucuta.co\/index.php?rest_route=\/wp\/v2\/posts\/28170\/revisions"}],"predecessor-version":[{"id":28172,"href":"https:\/\/contraluzcucuta.co\/index.php?rest_route=\/wp\/v2\/posts\/28170\/revisions\/28172"}],"wp:featuredmedia":[{"embeddable":true,"href":"https:\/\/contraluzcucuta.co\/index.php?rest_route=\/wp\/v2\/media\/28171"}],"wp:attachment":[{"href":"https:\/\/contraluzcucuta.co\/index.php?rest_route=%2Fwp%2Fv2%2Fmedia&parent=28170"}],"wp:term":[{"taxonomy":"category","embeddable":true,"href":"https:\/\/contraluzcucuta.co\/index.php?rest_route=%2Fwp%2Fv2%2Fcategories&post=28170"},{"taxonomy":"post_tag","embeddable":true,"href":"https:\/\/contraluzcucuta.co\/index.php?rest_route=%2Fwp%2Fv2%2Ftags&post=28170"}],"curies":[{"name":"wp","href":"https:\/\/api.w.org\/{rel}","templated":true}]}}