{"id":28167,"date":"2016-09-17T16:36:13","date_gmt":"2016-09-17T21:36:13","guid":{"rendered":"http:\/\/contraluzcucuta.co\/?p=28167"},"modified":"2016-09-17T16:36:13","modified_gmt":"2016-09-17T21:36:13","slug":"fenalco-robos-internos-y-externos-en-almacenes-crecieron-40-por-ciento","status":"publish","type":"post","link":"https:\/\/contraluzcucuta.co\/?p=28167","title":{"rendered":"FENALCO. Robos internos y externos en almacenes crecieron 4,0 por ciento"},"content":{"rendered":"<p>Los robos internos y externos en los almacenes crecieron el 4,0 por ciento en el 2015, al sumar $ 193.000 millones, frente a los $ 189.000 millones del 2014. Las cifras se conocieron en el Congreso Nacional de Comerciantes, reunido en Armenia. Fenalco dio a conocer los resultados del \u00faltimo Censo Nacional de Mermas, efectuado por la consultora We Team, con apoyo de Tyco.<\/p>\n<p>De la merma desconocida el 42 por ciento corresponde a robos cometidos por empleados de los establecimientos, lo que equivale a cerca de $ 80.000 millones al a\u00f1o. El 51 % es el resultado de los robos de los clientes, m\u00e1s de $ 98.000 millones. El 7 % restante corresponde a menores cantidades de productos entregados por proveedores.<\/p>\n<p>En el 2015, se reportaron 129.544 casos de robo externo y 10.683 casos de robo interno. Una buena noticia es que los casos detectados crecieron 32 %. Los robos externos hallados tiene mayor incidencia en:<\/p>\n<p>1.- Centro del pa\u00eds: 54,31 %<\/p>\n<p>2.- Costa Atl\u00e1ntica: 20,5 %<\/p>\n<p>3.- Occidente: 14,9 %<\/p>\n<p>4.- Costa Pac\u00edfica: 5,97 %<\/p>\n<p>5.- Oriente: 1,77 %<\/p>\n<p>6.- Orinoqu\u00eda: 0,93 %<\/p>\n<p>Para el robo externo, las bandas organizadas toman una nueva dimensi\u00f3n,\u00a0 y son las responsables de m\u00e1s del 46 % de los casos, cifra que creci\u00f3 \u00a03 % frente al a\u00f1o pasado. Se detect\u00f3 el incremento del 25 % de carteristas en las tiendas, y los casos de hurto a veh\u00edculos reportados en los parqueaderos aumentaron 6 %.<\/p>\n<p>\u201cEn Colombia, las bandas delictivas son un fen\u00f3meno en crecimiento, nos preocupan las cifras y el negativo impacto en el comercio organizado\u201d, dijo el presidente de Fenalco, Guillermo Botero.<\/p>\n<p>Los m\u00e1s robados son \u00a0los art\u00edculos de aseo personal, las carnes fr\u00edas, las golosinas, los aparatos digitales, los enlatados, los licores, la ropa en general, los multivitam\u00ednicos\u00a0 y las cuchillas de afeitar.<\/p>\n<p>Entre las modalidades de robo externo m\u00e1s frecuentes destacan:<\/p>\n<p>1.- Ocultar mercanc\u00edas en prendas bolsos y carteras (40 %)<\/p>\n<p>2.- Sustracci\u00f3n de mercanc\u00edas en bolsas de aluminio (11,8 %)<\/p>\n<p>3.- Mercanc\u00edas que salen en bolsas del almac\u00e9n y tiquetes falsos (7,0 %)<\/p>\n<p>4.- Uso de desactivadores (5,9 %)<\/p>\n<p>5.- Fraude con documentos valores (5,5 %)<\/p>\n<p>6.- Complicidad con personal interno (4,3 %)<\/p>\n<p>7.- Uso de menores de edad (4,0 %), entre otros.<\/p>\n<p>&nbsp;<\/p>\n<p>El robo interno se vale de mercanc\u00eda camuflada en ropa o maletines (23 %), ponerse ropa en el almac\u00e9n (15 %), complicidad externa (10 %), mercanc\u00eda que no entra, pero se factura (10 %), consumo de alimentos en la tienda (5,0 %) y cambio en los c\u00f3digos de las mercanc\u00edas.<\/p>\n<p><strong>Foto: <a href=\"http:\/\/www.marujasmodernas.es\">www.marujasmodernas.es<\/a><\/strong><\/p>\n<p>&nbsp; <\/p>\n","protected":false},"excerpt":{"rendered":"<p>Los robos internos y externos en los almacenes crecieron el 4,0 por ciento en el 2015, al sumar $ 193.000 millones, frente a los $ 189.000 millones del 2014. Las cifras se conocieron en el Congreso Nacional de Comerciantes, reunido en Armenia. Fenalco dio a conocer los resultados del \u00faltimo Censo Nacional de Mermas, efectuado &hellip;<\/p>\n","protected":false},"author":1,"featured_media":28168,"comment_status":"open","ping_status":"open","sticky":false,"template":"","format":"standard","meta":{"footnotes":""},"categories":[45,6],"tags":[1526],"class_list":["post-28167","post","type-post","status-publish","format-standard","has-post-thumbnail","hentry","category-destacado","category-ojo-avizor","tag-fenalco-norte-de-santander"],"_links":{"self":[{"href":"https:\/\/contraluzcucuta.co\/index.php?rest_route=\/wp\/v2\/posts\/28167","targetHints":{"allow":["GET"]}}],"collection":[{"href":"https:\/\/contraluzcucuta.co\/index.php?rest_route=\/wp\/v2\/posts"}],"about":[{"href":"https:\/\/contraluzcucuta.co\/index.php?rest_route=\/wp\/v2\/types\/post"}],"author":[{"embeddable":true,"href":"https:\/\/contraluzcucuta.co\/index.php?rest_route=\/wp\/v2\/users\/1"}],"replies":[{"embeddable":true,"href":"https:\/\/contraluzcucuta.co\/index.php?rest_route=%2Fwp%2Fv2%2Fcomments&post=28167"}],"version-history":[{"count":1,"href":"https:\/\/contraluzcucuta.co\/index.php?rest_route=\/wp\/v2\/posts\/28167\/revisions"}],"predecessor-version":[{"id":28169,"href":"https:\/\/contraluzcucuta.co\/index.php?rest_route=\/wp\/v2\/posts\/28167\/revisions\/28169"}],"wp:featuredmedia":[{"embeddable":true,"href":"https:\/\/contraluzcucuta.co\/index.php?rest_route=\/wp\/v2\/media\/28168"}],"wp:attachment":[{"href":"https:\/\/contraluzcucuta.co\/index.php?rest_route=%2Fwp%2Fv2%2Fmedia&parent=28167"}],"wp:term":[{"taxonomy":"category","embeddable":true,"href":"https:\/\/contraluzcucuta.co\/index.php?rest_route=%2Fwp%2Fv2%2Fcategories&post=28167"},{"taxonomy":"post_tag","embeddable":true,"href":"https:\/\/contraluzcucuta.co\/index.php?rest_route=%2Fwp%2Fv2%2Ftags&post=28167"}],"curies":[{"name":"wp","href":"https:\/\/api.w.org\/{rel}","templated":true}]}}