{"id":28119,"date":"2016-09-11T21:45:34","date_gmt":"2016-09-12T02:45:34","guid":{"rendered":"http:\/\/contraluzcucuta.co\/?p=28119"},"modified":"2016-09-11T21:45:34","modified_gmt":"2016-09-12T02:45:34","slug":"carta-nairo-los-cucutenos-tambien-ayudamos-empujar-la-bicicleta","status":"publish","type":"post","link":"https:\/\/contraluzcucuta.co\/?p=28119","title":{"rendered":"CARTA A NAIRO. Los cucute\u00f1os tambi\u00e9n ayudamos a empujar la bicicleta"},"content":{"rendered":"<p><strong>Hola, Nairo.<\/strong> Le escribo desde C\u00facuta (Colombia), tierra que tambi\u00e9n tiene historia cicl\u00edstica. Por ac\u00e1, era costumbre que la Vuelta al T\u00e1chira transitara, situaci\u00f3n que nos permiti\u00f3 conocer a los grandes pedalistas nacionales, Cochise, Pach\u00f3n, Samac\u00e1, Patrocinio, Ni\u00f1o y esa pl\u00e9yade de deportistas que escribieron con buena letra el nombre del pa\u00eds en el listado de ganadores.<\/p>\n<p>En una \u00e9poca se corri\u00f3 el C \u2013 100 y tra\u00eda a los mejores exponentes de la disciplina. En una de esas competencias mi hermano mayor consigui\u00f3 el aut\u00f3grafo de Mart\u00edn Emilio Rodr\u00edguez y lo guard\u00f3 como su bien material m\u00e1s preciado. Por esos a\u00f1os se hablaba de ciclismo y la gente sab\u00eda de sillines, marcos, carama\u00f1olas, bielas, relaciones, gorras y equipos.<\/p>\n<p>Entre nuestros primeros exponentes destacan Gustavo Rojas P\u00e9rez y Antonio Vacca. Escuchar esos nombres en la radio llenaba de orgullo a esta regi\u00f3n, as\u00ed como ahora nos engrifa ver c\u00f3mo Froome pedalea fuerte para despegarse de usted y no lo consigue. \u00a0A esos precursores siguieron otros, entre los que sobresale \u00c1lvaro Lozano. Las corridas en solitario por las carreteras europeas vuelven a la memoria con esas gestas suyas para coronar los Alpes, los Pirineos y cuantas monta\u00f1as se le pongan por delante.<\/p>\n<p>Hoy, verlo coronado en Espa\u00f1a nos hace pensar que la pr\u00e1ctica del deporte en el pa\u00eds s\u00ed es posible. Al o\u00edr sobre sus comienzos y las peripecias afrontadas para salir adelante lleva a creer que cuando el esfuerzo se junta con el sacrificio, el resultado es el triunfo. Nada se gana sin dedicaci\u00f3n, sin el deseo grande de ser el mejor. El ejemplo est\u00e1 tallado con cada pedalazo dado en la bicicleta.<\/p>\n<p>Desde la distancia doy fe de c\u00f3mo usted cambi\u00f3 los asuntos tratados en las charlas de amigos o en las reuniones de cualquier \u00edndole. Primero, un repaso a la etapa del d\u00eda; segundo, una mirada a la clasificaci\u00f3n, y tercero, los asuntos previstos para el encuentro. Los cucute\u00f1os estuvieron pendientes de su actuaci\u00f3n y empujaron la cicla cuando los rivales part\u00edan en pos de la victoria. Por eso, quiz\u00e1s, usted tuvo tantas fuerzas para dar el paseo en la \u00faltima fracci\u00f3n y esbozar esa sonrisa campesina cargada de humildad, sinceridad y respeto por los dem\u00e1s.<\/p>\n<p>Son muchas las lecciones aprendidas en estos d\u00edas de competencia y que cualquier ser humano que desee salir avante puede aplicar. Seguro, el Dec\u00e1logo de Nairo es el siguiente:<\/p>\n<p>1.- Tener confianza en lo que se emprende<\/p>\n<p>2.- Mantener la mirada fija en el objetivo propuesto<\/p>\n<p>3.- Estar pendiente de lo que hace el adversario<\/p>\n<p>4.- Prepararse a conciencia para llegar a la meta como el mejor<\/p>\n<p>5.- Apoyarse en el conocimiento y la experiencia de los compa\u00f1eros<\/p>\n<p>6.- Aliarse con el que puede llevarlo hasta el triunfo<\/p>\n<p>7.- Mantener el pulso firme para responder a los ataques sin agredir<\/p>\n<p>8.- Tener las mejores palabras para referirse al rival<\/p>\n<p>9.- Reconocer la ayuda ofrecida por los dem\u00e1s<\/p>\n<p>10.- Vestirse de rojo en el momento preciso y llevar esa prenda con orgullo nacional.<\/p>\n<p><strong>RAFAEL ANTONIO PAB\u00d3N<\/strong><\/p>\n<p><strong><a href=\"mailto:rafaelpabon58@hotmail.com\">rafaelpabon58@hotmail.com<\/a><\/strong><\/p>\n<p><strong>Foto: <a href=\"http:\/\/www.cyclingweekly.co.uk\">www.cyclingweekly.co.uk<\/a><\/strong> <\/p>\n","protected":false},"excerpt":{"rendered":"<p>Hola, Nairo. Le escribo desde C\u00facuta (Colombia), tierra que tambi\u00e9n tiene historia cicl\u00edstica. Por ac\u00e1, era costumbre que la Vuelta al T\u00e1chira transitara, situaci\u00f3n que nos permiti\u00f3 conocer a los grandes pedalistas nacionales, Cochise, Pach\u00f3n, Samac\u00e1, Patrocinio, Ni\u00f1o y esa pl\u00e9yade de deportistas que escribieron con buena letra el nombre del pa\u00eds en el listado &hellip;<\/p>\n","protected":false},"author":1,"featured_media":28120,"comment_status":"open","ping_status":"open","sticky":false,"template":"","format":"standard","meta":{"footnotes":""},"categories":[28],"tags":[3021,3019,3208],"class_list":["post-28119","post","type-post","status-publish","format-standard","has-post-thumbnail","hentry","category-vistazo-deportivo","tag-ciclismo-colombiano","tag-nairo-quintana","tag-vuelta-a-espana"],"_links":{"self":[{"href":"https:\/\/contraluzcucuta.co\/index.php?rest_route=\/wp\/v2\/posts\/28119","targetHints":{"allow":["GET"]}}],"collection":[{"href":"https:\/\/contraluzcucuta.co\/index.php?rest_route=\/wp\/v2\/posts"}],"about":[{"href":"https:\/\/contraluzcucuta.co\/index.php?rest_route=\/wp\/v2\/types\/post"}],"author":[{"embeddable":true,"href":"https:\/\/contraluzcucuta.co\/index.php?rest_route=\/wp\/v2\/users\/1"}],"replies":[{"embeddable":true,"href":"https:\/\/contraluzcucuta.co\/index.php?rest_route=%2Fwp%2Fv2%2Fcomments&post=28119"}],"version-history":[{"count":1,"href":"https:\/\/contraluzcucuta.co\/index.php?rest_route=\/wp\/v2\/posts\/28119\/revisions"}],"predecessor-version":[{"id":28121,"href":"https:\/\/contraluzcucuta.co\/index.php?rest_route=\/wp\/v2\/posts\/28119\/revisions\/28121"}],"wp:featuredmedia":[{"embeddable":true,"href":"https:\/\/contraluzcucuta.co\/index.php?rest_route=\/wp\/v2\/media\/28120"}],"wp:attachment":[{"href":"https:\/\/contraluzcucuta.co\/index.php?rest_route=%2Fwp%2Fv2%2Fmedia&parent=28119"}],"wp:term":[{"taxonomy":"category","embeddable":true,"href":"https:\/\/contraluzcucuta.co\/index.php?rest_route=%2Fwp%2Fv2%2Fcategories&post=28119"},{"taxonomy":"post_tag","embeddable":true,"href":"https:\/\/contraluzcucuta.co\/index.php?rest_route=%2Fwp%2Fv2%2Ftags&post=28119"}],"curies":[{"name":"wp","href":"https:\/\/api.w.org\/{rel}","templated":true}]}}