{"id":28115,"date":"2016-09-11T20:37:37","date_gmt":"2016-09-12T01:37:37","guid":{"rendered":"http:\/\/contraluzcucuta.co\/?p=28115"},"modified":"2016-09-11T20:37:37","modified_gmt":"2016-09-12T01:37:37","slug":"igac-empieza-mapeo-de-la-geografia-de-la-paz-para-el-catatumbo","status":"publish","type":"post","link":"https:\/\/contraluzcucuta.co\/?p=28115","title":{"rendered":"IGAC. Empieza mapeo de la geograf\u00eda de la paz para El Catatumbo\u00a0"},"content":{"rendered":"<p><strong>C\u00daCUTA<\/strong>.- El Instituto Geogr\u00e1fico Agust\u00edn Codazzi pondr\u00e1 en marcha el proyecto \u2018Catatumbo, regi\u00f3n de oportunidades y desarrollo territorial\u2019 en alianza con la Asociaci\u00f3n de Municipios del Catatumbo y La Universidad Francisco de Paula Santander. La actividad se cumplir\u00e1 luego del Foro en C\u00facuta, \u2018Mapeando la Geograf\u00eda de la paz\u2019.<\/p>\n<p>La firma del acuerdo de voluntades que busca aunar esfuerzos t\u00e9cnicos y econ\u00f3micos para llevar a cabo el estudio semidetallado de suelos y fortalecer el dise\u00f1o e implementaci\u00f3n del Sistema de Informaci\u00f3n Geogr\u00e1fico y revisi\u00f3n de los planes de ordenamiento territorial de los municipios tendr\u00e1 lugar, este 12 de septiembre, entre las 8:00 de la ma\u00f1ana y las 12:00 del d\u00eda, en Oca\u00f1a.<\/p>\n<p>\u201cEste proyecto, que se espera inicie en 2017, se acoge al Acuerdo Final para la terminaci\u00f3n del conflicto y la construcci\u00f3n de una paz estable y duradera\u201d, dijo Juan Antonio Nieto, director general del Igac. Los estudios de suelos ser\u00e1n la base de la formulaci\u00f3n de las alternativas productivas de compensaci\u00f3n a las v\u00edctimas del conflicto en la implementaci\u00f3n de los acuerdos del Proceso de Paz.<\/p>\n<p>En desarrollo de la agenda dispuesta para ese d\u00eda, el Igac har\u00e1 la presentaci\u00f3n del Proyecto Catatumbo. Las exposiciones ser\u00e1n las siguientes:<\/p>\n<p>1.- Germ\u00e1n Dar\u00edo \u00c1lvarez, subdirector Nacional de Agrolog\u00eda. Oportunidad de desarrollo para la regi\u00f3n seg\u00fan sus suelos.<\/p>\n<p>2.- H\u00e9ctor Mauricio Ram\u00edrez, jefe del Centro de Investigaci\u00f3n y Desarrollo en Informaci\u00f3n Geogr\u00e1fica Ciaf. Dise\u00f1o e implementaci\u00f3n del Sistema de Informaci\u00f3n Geogr\u00e1fica para El Catatumbo.<\/p>\n<p>3.- Luis Carvajal. Apoyo a la construcci\u00f3n de la nueva generaci\u00f3n de los planes de ordenamiento territorial.<\/p>\n<p>La instalaci\u00f3n del evento estar\u00e1 a cargo de\u00a0 Juan Antonio Nieto; Emiro Ca\u00f1izares, director ejecutivo de Asomunicipios; Edgar S\u00e1nchez, rector Universidad Francisco de Paula Santander, seccional Oca\u00f1a, y Miryam Prado, alcaldesa de Oca\u00f1a.<\/p>\n<p><strong>Foto: <a href=\"http:\/\/www.chicanoticias.com\">www.chicanoticias.com<\/a><\/strong><\/p>\n<p>&nbsp; <\/p>\n","protected":false},"excerpt":{"rendered":"<p>C\u00daCUTA.- El Instituto Geogr\u00e1fico Agust\u00edn Codazzi pondr\u00e1 en marcha el proyecto \u2018Catatumbo, regi\u00f3n de oportunidades y desarrollo territorial\u2019 en alianza con la Asociaci\u00f3n de Municipios del Catatumbo y La Universidad Francisco de Paula Santander. La actividad se cumplir\u00e1 luego del Foro en C\u00facuta, \u2018Mapeando la Geograf\u00eda de la paz\u2019. La firma del acuerdo de voluntades &hellip;<\/p>\n","protected":false},"author":1,"featured_media":28116,"comment_status":"open","ping_status":"open","sticky":false,"template":"","format":"standard","meta":{"footnotes":""},"categories":[4,6],"tags":[2648,430],"class_list":["post-28115","post","type-post","status-publish","format-standard","has-post-thumbnail","hentry","category-barra","category-ojo-avizor","tag-igac-norte-de-santander","tag-juan-antonio-nieto"],"_links":{"self":[{"href":"https:\/\/contraluzcucuta.co\/index.php?rest_route=\/wp\/v2\/posts\/28115","targetHints":{"allow":["GET"]}}],"collection":[{"href":"https:\/\/contraluzcucuta.co\/index.php?rest_route=\/wp\/v2\/posts"}],"about":[{"href":"https:\/\/contraluzcucuta.co\/index.php?rest_route=\/wp\/v2\/types\/post"}],"author":[{"embeddable":true,"href":"https:\/\/contraluzcucuta.co\/index.php?rest_route=\/wp\/v2\/users\/1"}],"replies":[{"embeddable":true,"href":"https:\/\/contraluzcucuta.co\/index.php?rest_route=%2Fwp%2Fv2%2Fcomments&post=28115"}],"version-history":[{"count":1,"href":"https:\/\/contraluzcucuta.co\/index.php?rest_route=\/wp\/v2\/posts\/28115\/revisions"}],"predecessor-version":[{"id":28117,"href":"https:\/\/contraluzcucuta.co\/index.php?rest_route=\/wp\/v2\/posts\/28115\/revisions\/28117"}],"wp:featuredmedia":[{"embeddable":true,"href":"https:\/\/contraluzcucuta.co\/index.php?rest_route=\/wp\/v2\/media\/28116"}],"wp:attachment":[{"href":"https:\/\/contraluzcucuta.co\/index.php?rest_route=%2Fwp%2Fv2%2Fmedia&parent=28115"}],"wp:term":[{"taxonomy":"category","embeddable":true,"href":"https:\/\/contraluzcucuta.co\/index.php?rest_route=%2Fwp%2Fv2%2Fcategories&post=28115"},{"taxonomy":"post_tag","embeddable":true,"href":"https:\/\/contraluzcucuta.co\/index.php?rest_route=%2Fwp%2Fv2%2Ftags&post=28115"}],"curies":[{"name":"wp","href":"https:\/\/api.w.org\/{rel}","templated":true}]}}