{"id":28112,"date":"2016-09-11T20:34:53","date_gmt":"2016-09-12T01:34:53","guid":{"rendered":"http:\/\/contraluzcucuta.co\/?p=28112"},"modified":"2016-09-11T20:34:53","modified_gmt":"2016-09-12T01:34:53","slug":"embellecimiento-nueva-inversion-en-parques-de-cucuta","status":"publish","type":"post","link":"https:\/\/contraluzcucuta.co\/?p=28112","title":{"rendered":"EMBELLECIMIENTO. Nueva inversi\u00f3n en parques de C\u00facuta"},"content":{"rendered":"<p><strong>C\u00daCUTA.-<\/strong> El mejoramiento y la adecuaci\u00f3n de parques tendr\u00e1n recursos cercanos a los $ 3000 millones. La inversi\u00f3n se har\u00e1 en embellecimiento, ornato, parques biosaludables, sardineles, zonas verdes, canalizaci\u00f3n de aguas lluvias, cubiertas y ciclorutas. Los trabajos mejorar\u00e1n las condiciones de los lugares de esparcimiento.<\/p>\n<p>El anuncio lo hizo el alcalde C\u00e9sar Rojas en la visita a las urbanizaciones Heli\u00f3polis, San Diego, Nuevo Escobal, Prados Norte, El Bosque y Prados del Este, y los barrios San Eduardo y Portachuelo. Las obras servir\u00e1n para el disfrute de ni\u00f1os, j\u00f3venes, adultos y tercera edad a cualquier hora del d\u00eda.<\/p>\n<p>La administraci\u00f3n municipal invit\u00f3 a la ciudadan\u00eda a tener h\u00e1bitos y estilos de vida saludables, haciendo uso adecuado de parques y escenarios deportivos de la ciudad.<\/p>\n<p><strong>COMPARENDOS E INMOVILIZACIONES<\/strong><\/p>\n<p>M\u00e1s de 85 comparendos y 8 inmovilizaciones dejaron los operativos de movilidad y control al espacio p\u00fablico. Las acciones las adelantaron las secretar\u00edas de Tr\u00e1nsito y Gobierno, y la Seccional de Tr\u00e1nsito y Transporte de la Polic\u00eda, en las principales calles del centro de C\u00facuta.<\/p>\n<p>\u201cSeguiremos con el prop\u00f3sito de crear cultura ciudadana vial a los actores de movilidad. Queremos una ciudad de progreso, donde participen todos\u201d, dijo el secretario de Tr\u00e1nsito, Jos\u00e9 Luis Duarte.<\/p>\n<p>La actividad se cumpli\u00f3 entre las avenidas tercera y s\u00e9ptima, y las calles 10 y 12. En el recorrido qued\u00f3 demostrada la falta de sentido de pertenencia y de compromiso de los habitantes de la capital nortesantandereana. En el cuadrante se infringes las siguientes normas de Tr\u00e1nsito:<\/p>\n<p>1.- Estacionamiento en zona prohibida y andenes<\/p>\n<p>2.- No uso del cintur\u00f3n de seguridad<\/p>\n<p>3.- Sobrecupo en motocicletas.<\/p>\n<p>La Alcald\u00eda est\u00e1 comprometida en fomentar el orden en la ciudad mediante acciones contundentes, que mejoren la circulaci\u00f3n.<\/p>\n<p><strong>Foto:\u00a0 <a class=\"_ZR irc_hol i3724\" tabindex=\"0\" href=\"https:\/\/www.google.com.co\/url?sa=i&amp;rct=j&amp;q=&amp;esrc=s&amp;source=images&amp;cd=&amp;cad=rja&amp;uact=8&amp;ved=0ahUKEwjstNrb14jPAhVEWSYKHcpGCnwQjB0IBg&amp;url=http%3A%2F%2Fwww.areacucuta.com%2Fcucuta-ciudad-limpia-y-verde%2F&amp;psig=AFQjCNE2nqip1Yo9Hw0yI6b3yFy4eqO_Ag&amp;ust=1473730150578222\" target=\"_blank\" data-noload=\"\" data-ved=\"0ahUKEwjstNrb14jPAhVEWSYKHcpGCnwQjB0IBg\" data-href=\"http:\/\/www.areacucuta.com\/cucuta-ciudad-limpia-y-verde\/\"><span class=\"irc_ho\" dir=\"ltr\">www.areacucuta.com<\/span><\/a><\/strong><\/p>\n<p>&nbsp; <\/p>\n","protected":false},"excerpt":{"rendered":"<p>C\u00daCUTA.- El mejoramiento y la adecuaci\u00f3n de parques tendr\u00e1n recursos cercanos a los $ 3000 millones. La inversi\u00f3n se har\u00e1 en embellecimiento, ornato, parques biosaludables, sardineles, zonas verdes, canalizaci\u00f3n de aguas lluvias, cubiertas y ciclorutas. Los trabajos mejorar\u00e1n las condiciones de los lugares de esparcimiento. El anuncio lo hizo el alcalde C\u00e9sar Rojas en la &hellip;<\/p>\n","protected":false},"author":1,"featured_media":28113,"comment_status":"open","ping_status":"open","sticky":false,"template":"","format":"standard","meta":{"footnotes":""},"categories":[2625],"tags":[226,468],"class_list":["post-28112","post","type-post","status-publish","format-standard","has-post-thumbnail","hentry","category-alcaldia-de-cucuta","tag-alcaldia-de-cucuta","tag-parques-de-cucuta"],"_links":{"self":[{"href":"https:\/\/contraluzcucuta.co\/index.php?rest_route=\/wp\/v2\/posts\/28112","targetHints":{"allow":["GET"]}}],"collection":[{"href":"https:\/\/contraluzcucuta.co\/index.php?rest_route=\/wp\/v2\/posts"}],"about":[{"href":"https:\/\/contraluzcucuta.co\/index.php?rest_route=\/wp\/v2\/types\/post"}],"author":[{"embeddable":true,"href":"https:\/\/contraluzcucuta.co\/index.php?rest_route=\/wp\/v2\/users\/1"}],"replies":[{"embeddable":true,"href":"https:\/\/contraluzcucuta.co\/index.php?rest_route=%2Fwp%2Fv2%2Fcomments&post=28112"}],"version-history":[{"count":1,"href":"https:\/\/contraluzcucuta.co\/index.php?rest_route=\/wp\/v2\/posts\/28112\/revisions"}],"predecessor-version":[{"id":28114,"href":"https:\/\/contraluzcucuta.co\/index.php?rest_route=\/wp\/v2\/posts\/28112\/revisions\/28114"}],"wp:featuredmedia":[{"embeddable":true,"href":"https:\/\/contraluzcucuta.co\/index.php?rest_route=\/wp\/v2\/media\/28113"}],"wp:attachment":[{"href":"https:\/\/contraluzcucuta.co\/index.php?rest_route=%2Fwp%2Fv2%2Fmedia&parent=28112"}],"wp:term":[{"taxonomy":"category","embeddable":true,"href":"https:\/\/contraluzcucuta.co\/index.php?rest_route=%2Fwp%2Fv2%2Fcategories&post=28112"},{"taxonomy":"post_tag","embeddable":true,"href":"https:\/\/contraluzcucuta.co\/index.php?rest_route=%2Fwp%2Fv2%2Ftags&post=28112"}],"curies":[{"name":"wp","href":"https:\/\/api.w.org\/{rel}","templated":true}]}}