{"id":28106,"date":"2016-09-11T19:30:48","date_gmt":"2016-09-12T00:30:48","guid":{"rendered":"http:\/\/contraluzcucuta.co\/?p=28106"},"modified":"2016-09-11T19:30:48","modified_gmt":"2016-09-12T00:30:48","slug":"investigacion-estudiante-de-derecho-responsable-de-accidente-de-motociclista-en-el-malecon","status":"publish","type":"post","link":"https:\/\/contraluzcucuta.co\/?p=28106","title":{"rendered":"INVESTIGACI\u00d3N. Estudiante de derecho, responsable de accidente de motociclista en El Malec\u00f3n"},"content":{"rendered":"<p>&nbsp;<\/p>\n<p><strong>C\u00daCUTA<\/strong>.- El responsable del accidente de un motociclista en El Malec\u00f3n, y que huy\u00f3 sin prestarle atenci\u00f3n al herido, es un estudiante de derecho. Tiene 32 a\u00f1os, residente en La Floresta (Los Patios) e infractor reincidente. Desde entre el 2010 y el 2015, registra 20 \u00f3rdenes de comparendo por violaciones al C\u00f3digo Nacional de Tr\u00e1nsito.<\/p>\n<p>No ha pagado los \u00faltimos comparendos, expedidos en el 2015, por adelantar en curva o en sitios prohibidos; por no portar la placa y por revisi\u00f3n t\u00e9cnico mec\u00e1nica. Los tres suman $1\u2019457.435. La Polic\u00eda Metropolitana de C\u00facuta (Mecuc), con apoyo de la comunidad, \u00a0\u00a0lo identific\u00f3 y lo vincul\u00f3 al proceso judicial.<\/p>\n<p>Luego de entrevistas a familiares y allegados \u00a0se logr\u00f3 que el hombre se presentara ante la Seccional de Tr\u00e1nsito y Transporte (Setra) de la Mecuc para responder por sus actos.<\/p>\n<p>Las labores de b\u00fasqueda contemplaron las siguientes acciones:<\/p>\n<p>1.- Seguimiento a la ruta tomada por el conductor del Volkswagen Jetta, negro y placas colombianas. Huy\u00f3 del lugar del accidente hacia el sector Santa Rosa de Lima, v\u00eda al anillo vial oriental.<\/p>\n<p>2.- Se recopilaron los videos de las c\u00e1maras de seguridad del Circuito Cerrado de Televisi\u00f3n de la Polic\u00eda Metropolitana de C\u00facuta y otras ubicadas en los sectores por donde huy\u00f3 el conductor infractor.<\/p>\n<p>3.- Se obtuvieron las placas del veh\u00edculo, del que se ten\u00edan ciertas caracter\u00edsticas estructurales, y el nombre del propietario.<\/p>\n<p>4.- Se lleg\u00f3 hasta el lugar donde resid\u00eda el infractor. No se hall\u00f3 y se verific\u00f3 que no hubiera salido de la ciudad. Se opt\u00f3 por buscar en los lugares que frecuentaba y residencias de familiares.<\/p>\n<p>5.- Con apoyo de las c\u00e1maras de seguridad instaladas en la zona donde reside el conductor se estableci\u00f3 la fecha y hora de salida e ingreso del veh\u00edculo luego del accidente.<\/p>\n<p>6.- Se hizo un plan rastreo en la zona y se encontr\u00f3 el autom\u00f3vil parqueado en un s\u00f3tano de un condominio cercano a la vivienda.<\/p>\n<p>La Polic\u00eda Metropolitana de C\u00facuta (Mecuc) hizo un llamado a la comunidad para que respete la se\u00f1ales y normas de Tr\u00e1nsito y evite actos de intolerancia social que pueden llevar a tener consecuenciales fatales como en este caso.<\/p>\n<p><strong>Foto: PRENSA MECUC<\/strong> <\/p>\n","protected":false},"excerpt":{"rendered":"<p>&nbsp; C\u00daCUTA.- El responsable del accidente de un motociclista en El Malec\u00f3n, y que huy\u00f3 sin prestarle atenci\u00f3n al herido, es un estudiante de derecho. Tiene 32 a\u00f1os, residente en La Floresta (Los Patios) e infractor reincidente. Desde entre el 2010 y el 2015, registra 20 \u00f3rdenes de comparendo por violaciones al C\u00f3digo Nacional de &hellip;<\/p>\n","protected":false},"author":1,"featured_media":28107,"comment_status":"open","ping_status":"open","sticky":false,"template":"","format":"standard","meta":{"footnotes":""},"categories":[11,4],"tags":[3207,323,163],"class_list":["post-28106","post","type-post","status-publish","format-standard","has-post-thumbnail","hentry","category-cronica-roja","category-barra","tag-accidente-en-el-malecon","tag-mecuc","tag-policia-metropolitana"],"_links":{"self":[{"href":"https:\/\/contraluzcucuta.co\/index.php?rest_route=\/wp\/v2\/posts\/28106","targetHints":{"allow":["GET"]}}],"collection":[{"href":"https:\/\/contraluzcucuta.co\/index.php?rest_route=\/wp\/v2\/posts"}],"about":[{"href":"https:\/\/contraluzcucuta.co\/index.php?rest_route=\/wp\/v2\/types\/post"}],"author":[{"embeddable":true,"href":"https:\/\/contraluzcucuta.co\/index.php?rest_route=\/wp\/v2\/users\/1"}],"replies":[{"embeddable":true,"href":"https:\/\/contraluzcucuta.co\/index.php?rest_route=%2Fwp%2Fv2%2Fcomments&post=28106"}],"version-history":[{"count":1,"href":"https:\/\/contraluzcucuta.co\/index.php?rest_route=\/wp\/v2\/posts\/28106\/revisions"}],"predecessor-version":[{"id":28108,"href":"https:\/\/contraluzcucuta.co\/index.php?rest_route=\/wp\/v2\/posts\/28106\/revisions\/28108"}],"wp:featuredmedia":[{"embeddable":true,"href":"https:\/\/contraluzcucuta.co\/index.php?rest_route=\/wp\/v2\/media\/28107"}],"wp:attachment":[{"href":"https:\/\/contraluzcucuta.co\/index.php?rest_route=%2Fwp%2Fv2%2Fmedia&parent=28106"}],"wp:term":[{"taxonomy":"category","embeddable":true,"href":"https:\/\/contraluzcucuta.co\/index.php?rest_route=%2Fwp%2Fv2%2Fcategories&post=28106"},{"taxonomy":"post_tag","embeddable":true,"href":"https:\/\/contraluzcucuta.co\/index.php?rest_route=%2Fwp%2Fv2%2Ftags&post=28106"}],"curies":[{"name":"wp","href":"https:\/\/api.w.org\/{rel}","templated":true}]}}