{"id":28100,"date":"2016-09-11T18:37:18","date_gmt":"2016-09-11T23:37:18","guid":{"rendered":"http:\/\/contraluzcucuta.co\/?p=28100"},"modified":"2016-09-11T18:37:18","modified_gmt":"2016-09-11T23:37:18","slug":"alerta-ciudadana-norte-de-santander-podria-entrar-en-emergencia-de-salud","status":"publish","type":"post","link":"https:\/\/contraluzcucuta.co\/?p=28100","title":{"rendered":"ALERTA CIUDADANA. Norte de Santander podr\u00eda entrar en \u2018Emergencia de Salud\u2019"},"content":{"rendered":"<p><strong>C\u00daCUTA.-<\/strong> Norte de Santander podr\u00eda entrar en \u2018Emergencia de Salud\u2019, ante la situaci\u00f3n que se origina en las empresas prestadoras del servicio. En el departamento no se ofrece oportuna atenci\u00f3n a los usuarios, las citas y las intervenciones quir\u00fargicas programadas no se cumplen y los medicamentos nos se entregan a tiempo.<\/p>\n<p>Las secretar\u00edas de Salud departamental y municipal rindieron informe a la Red de Controladores del Servicio en el que se evidencia la deficiencia en el trato a los pacientes. El estudio se entreg\u00f3 al Gobernador, el Alcalde de C\u00facuta, la Procuradur\u00eda, la Personer\u00eda y la Contralor\u00eda Departamental.<\/p>\n<p>El informe t\u00e9cnico da a conocer la situaci\u00f3n en la que se encuentra la regi\u00f3n. El gobernador William Villamizar reaccion\u00f3 de inmediato y se\u00f1al\u00f3 que en las pr\u00f3ximas horas podr\u00eda declararse la \u2018Emergencia de Salud\u2019. El fin es que el Ministerio y la Superintendencia de Salud atiendan el llamado y sirvan como intermediarios para generar soluciones a los problemas. De esa manera podr\u00eda mejorar la calidad del servicio en el departamento.<\/p>\n<p>La Red de Controladores de Salud se ha reunido de manera permanente, en los \u00faltimos cuatro meses, para analizar lo que ocurre \u00a0en el municipio y el departamento, en este aspecto.<\/p>\n<p>\u201cLos resultados nos permitieron presentar ante las autoridades departamentales y municipales las conclusiones y recomendaciones respectivas para que sean ellos, quienes adopten de manera inmediata las medidas necesarias para afrontar la crisis humanitaria en materia de prestaci\u00f3n del servicio de salud\u201d, dijo Juan Carlos Bautista, procurador regional.<\/p>\n<p>La deficiencia en la prestaci\u00f3n del servicio es producto de:<\/p>\n<p>1.- Los pagos no oportunos<\/p>\n<p>2.- Las malas gestiones de las EPS<\/p>\n<p>3.- La falta de aplicaci\u00f3n de los controles en las empresas prestadoras de salud de la regi\u00f3n.<\/p>\n<p>\u201cEn asocio con el alcalde de C\u00facuta, C\u00e9sar Rojas, estaremos atentos para que se genere la respectiva resoluci\u00f3n mediante la cual se podr\u00e1 llegar a garantizar una buena atenci\u00f3n a los usuarios de la regi\u00f3n\u201d, dijo Villamizar Laguado.<\/p>\n<p><strong>Foto: PRENSA GOBERNACI\u00d3N<\/strong> <\/p>\n","protected":false},"excerpt":{"rendered":"<p>C\u00daCUTA.- Norte de Santander podr\u00eda entrar en \u2018Emergencia de Salud\u2019, ante la situaci\u00f3n que se origina en las empresas prestadoras del servicio. En el departamento no se ofrece oportuna atenci\u00f3n a los usuarios, las citas y las intervenciones quir\u00fargicas programadas no se cumplen y los medicamentos nos se entregan a tiempo. Las secretar\u00edas de Salud &hellip;<\/p>\n","protected":false},"author":1,"featured_media":28101,"comment_status":"open","ping_status":"open","sticky":false,"template":"","format":"standard","meta":{"footnotes":""},"categories":[4,2630],"tags":[3204,379],"class_list":["post-28100","post","type-post","status-publish","format-standard","has-post-thumbnail","hentry","category-barra","category-gobernacion","tag-alerta-en-salud","tag-gobernacion-de-norte-de-santander"],"_links":{"self":[{"href":"https:\/\/contraluzcucuta.co\/index.php?rest_route=\/wp\/v2\/posts\/28100","targetHints":{"allow":["GET"]}}],"collection":[{"href":"https:\/\/contraluzcucuta.co\/index.php?rest_route=\/wp\/v2\/posts"}],"about":[{"href":"https:\/\/contraluzcucuta.co\/index.php?rest_route=\/wp\/v2\/types\/post"}],"author":[{"embeddable":true,"href":"https:\/\/contraluzcucuta.co\/index.php?rest_route=\/wp\/v2\/users\/1"}],"replies":[{"embeddable":true,"href":"https:\/\/contraluzcucuta.co\/index.php?rest_route=%2Fwp%2Fv2%2Fcomments&post=28100"}],"version-history":[{"count":1,"href":"https:\/\/contraluzcucuta.co\/index.php?rest_route=\/wp\/v2\/posts\/28100\/revisions"}],"predecessor-version":[{"id":28102,"href":"https:\/\/contraluzcucuta.co\/index.php?rest_route=\/wp\/v2\/posts\/28100\/revisions\/28102"}],"wp:featuredmedia":[{"embeddable":true,"href":"https:\/\/contraluzcucuta.co\/index.php?rest_route=\/wp\/v2\/media\/28101"}],"wp:attachment":[{"href":"https:\/\/contraluzcucuta.co\/index.php?rest_route=%2Fwp%2Fv2%2Fmedia&parent=28100"}],"wp:term":[{"taxonomy":"category","embeddable":true,"href":"https:\/\/contraluzcucuta.co\/index.php?rest_route=%2Fwp%2Fv2%2Fcategories&post=28100"},{"taxonomy":"post_tag","embeddable":true,"href":"https:\/\/contraluzcucuta.co\/index.php?rest_route=%2Fwp%2Fv2%2Ftags&post=28100"}],"curies":[{"name":"wp","href":"https:\/\/api.w.org\/{rel}","templated":true}]}}