{"id":28097,"date":"2016-09-11T18:09:02","date_gmt":"2016-09-11T23:09:02","guid":{"rendered":"http:\/\/contraluzcucuta.co\/?p=28097"},"modified":"2016-09-11T18:09:02","modified_gmt":"2016-09-11T23:09:02","slug":"otra-voz-transporte-del-corredor-humanitario-ira-hasta-que-se-abra-la-frontera","status":"publish","type":"post","link":"https:\/\/contraluzcucuta.co\/?p=28097","title":{"rendered":"OTRA VOZ. Transporte del corredor humanitario ir\u00e1 hasta que se abra la frontera"},"content":{"rendered":"<p><strong>C\u00daCUTA.-<\/strong> El trasporte de los escolares venezolanos que ingresan a C\u00facuta desde San Antonio y Ure\u00f1a (Venezuela) se mantendr\u00e1 hasta cuando se abra definitivamente la frontera. El paso de ni\u00f1os y j\u00f3venes ha funcionado desde el cierre decretado por el presidente Nicol\u00e1s Maduro, en agosto de 2015. A diario cientos de estudiantes cruzan los puentes \u2018Sim\u00f3n Bol\u00edvar\u2019 y \u2018Francisco de Paula Santander\u2019 para llegar a escuelas, colegios y universidades.<\/p>\n<p>Delegados de la Secretar\u00eda de Educaci\u00f3n de C\u00facuta, el Ministerio de Educaci\u00f3n, la Defensor\u00eda del Pueblo; la secretaria de Educaci\u00f3n de Norte de Santander, Mar\u00eda Fabiola C\u00e1ceres Pe\u00f1a; \u00a0el secretario de Fronteras, Juan Carlos Cort\u00e9s, y funcionarios de la Canciller\u00eda y Migraci\u00f3n Colombia, se reunieron con miembros de la Guardia Nacional Bolivariana y representantes de empresas de transporte escolar privado.<\/p>\n<p>En el encuentro se analiz\u00f3 bajo qu\u00e9 condiciones operar\u00e1 el transporte escolar en los corredores humanitarios. La Gobernaci\u00f3n de Norte de Santander no ha suspendido el servicio, pese a la habilitaci\u00f3n del tr\u00e1nsito peatonal por los pasos fronterizos.<\/p>\n<p>Una de las medidas que se adoptar\u00e1n por las autoridades migratorias de ambos pa\u00edses es la restricci\u00f3n, a partir del 19 de septiembre, del paso peatonal a los menores de edad \u00a0sin acompa\u00f1ante. \u201cNing\u00fan ni\u00f1o puede pasar de un lado al otro solo, as\u00ed evitaremos casos de desaparici\u00f3n\u201d, se\u00f1al\u00f3 C\u00e1ceres Pe\u00f1a.<\/p>\n<p>Padres de familia y rectores de establecimientos educativos deben darles instrucciones \u00a0a los ni\u00f1os para que utilicen las rutas de buses escolares contratadas por las secretar\u00edas, bajo las condiciones establecidas. Desde la apertura del corredor humanitario se defini\u00f3 un carn\u00e9 para los estudiantes. En el documento\u00a0 se relaciona a los dos acompa\u00f1antes en la ruta. \u201cNing\u00fan extra\u00f1o puede estar en los veh\u00edculos\u201d.<\/p>\n<p>En\u00a0 la reuni\u00f3n se revis\u00f3 el caso de los 25 buses escolares privados que ten\u00edan ingreso por el puente \u2018Francisco de Paula Santander\u2019 y transportaban 800 estudiantes. Desde el 30 de agosto, el servicio fue suspendido ante la inexistencia de la p\u00f3liza de responsabilidad civil para funcionar en Colombia.<\/p>\n<p>Las autoridades de educaci\u00f3n y transporte tomar\u00e1n una determinaci\u00f3n al respecto luego de analizar la situaci\u00f3n en una mesa binacional.<\/p>\n<p><strong>Foto: PRENSA GOBERNACI\u00d3N<\/strong><\/p>\n<p>&nbsp;<\/p>\n<p>&nbsp; <\/p>\n","protected":false},"excerpt":{"rendered":"<p>C\u00daCUTA.- El trasporte de los escolares venezolanos que ingresan a C\u00facuta desde San Antonio y Ure\u00f1a (Venezuela) se mantendr\u00e1 hasta cuando se abra definitivamente la frontera. El paso de ni\u00f1os y j\u00f3venes ha funcionado desde el cierre decretado por el presidente Nicol\u00e1s Maduro, en agosto de 2015. A diario cientos de estudiantes cruzan los puentes &hellip;<\/p>\n","protected":false},"author":1,"featured_media":28098,"comment_status":"open","ping_status":"open","sticky":false,"template":"","format":"standard","meta":{"footnotes":""},"categories":[4,32],"tags":[3201,3202],"class_list":["post-28097","post","type-post","status-publish","format-standard","has-post-thumbnail","hentry","category-barra","category-recorrido-por-la-region","tag-corredor-humanitario","tag-secretaria-de-educacion-municipal"],"_links":{"self":[{"href":"https:\/\/contraluzcucuta.co\/index.php?rest_route=\/wp\/v2\/posts\/28097","targetHints":{"allow":["GET"]}}],"collection":[{"href":"https:\/\/contraluzcucuta.co\/index.php?rest_route=\/wp\/v2\/posts"}],"about":[{"href":"https:\/\/contraluzcucuta.co\/index.php?rest_route=\/wp\/v2\/types\/post"}],"author":[{"embeddable":true,"href":"https:\/\/contraluzcucuta.co\/index.php?rest_route=\/wp\/v2\/users\/1"}],"replies":[{"embeddable":true,"href":"https:\/\/contraluzcucuta.co\/index.php?rest_route=%2Fwp%2Fv2%2Fcomments&post=28097"}],"version-history":[{"count":1,"href":"https:\/\/contraluzcucuta.co\/index.php?rest_route=\/wp\/v2\/posts\/28097\/revisions"}],"predecessor-version":[{"id":28099,"href":"https:\/\/contraluzcucuta.co\/index.php?rest_route=\/wp\/v2\/posts\/28097\/revisions\/28099"}],"wp:featuredmedia":[{"embeddable":true,"href":"https:\/\/contraluzcucuta.co\/index.php?rest_route=\/wp\/v2\/media\/28098"}],"wp:attachment":[{"href":"https:\/\/contraluzcucuta.co\/index.php?rest_route=%2Fwp%2Fv2%2Fmedia&parent=28097"}],"wp:term":[{"taxonomy":"category","embeddable":true,"href":"https:\/\/contraluzcucuta.co\/index.php?rest_route=%2Fwp%2Fv2%2Fcategories&post=28097"},{"taxonomy":"post_tag","embeddable":true,"href":"https:\/\/contraluzcucuta.co\/index.php?rest_route=%2Fwp%2Fv2%2Ftags&post=28097"}],"curies":[{"name":"wp","href":"https:\/\/api.w.org\/{rel}","templated":true}]}}