{"id":28093,"date":"2016-09-08T21:35:22","date_gmt":"2016-09-09T02:35:22","guid":{"rendered":"http:\/\/contraluzcucuta.co\/?p=28093"},"modified":"2016-09-08T21:35:22","modified_gmt":"2016-09-09T02:35:22","slug":"pedagogia-de-paz-6-notas-explicativas-sobre-los-seis-puntos-del-acuerdo-final","status":"publish","type":"post","link":"https:\/\/contraluzcucuta.co\/?p=28093","title":{"rendered":"PEDAGOG\u00cdA DE PAZ (6). Notas explicativas sobre los seis puntos del Acuerdo Final  \u00a0\u00a0\u00a0\u00a0\u00a0\u00a0\u00a0\u00a0\u00a0\u00a0\u00a0\u00a0\u00a0\u00a0"},"content":{"rendered":"<p><strong>PUNTO 6. Implementaci\u00f3n, verificaci\u00f3n y refrendaci\u00f3n<\/strong><\/p>\n<p><strong>\u00a0<\/strong><\/p>\n<p>Acordado el 24 de agosto de 2016<\/p>\n<p>&nbsp;<\/p>\n<p>Este Acuerdo se\u00f1ala que a la firma del Acuerdo Final, se da inicio a la implementaci\u00f3n de todos los puntos acordados.<\/p>\n<p>El primer pilar es el seguimiento a la implementaci\u00f3n de los Acuerdos.<\/p>\n<p>Al d\u00eda siguiente de la firma del Acuerdo Final se crear\u00e1 la \u201cComisi\u00f3n de Seguimiento y Verificaci\u00f3n del Acuerdo Final de Paz y de Resoluci\u00f3n de Diferencias\u201d, integrada por tres representantes del Gobierno Nacional y tres de las FARC EP o del partido pol\u00edtico que surja de su tr\u00e1nsito a la vida legal.<\/p>\n<p>La implementaci\u00f3n contemplar\u00e1 medidas y mecanismos que permitan que la participaci\u00f3n ciudadana incida efectivamente en las decisiones de las autoridades p\u00fablicas correspondientes y promuevan el di\u00e1logo entre los diferentes sectores de la sociedad, la construcci\u00f3n de confianza y la inclusi\u00f3n social.<\/p>\n<p>Contar\u00e1 con acompa\u00f1amiento t\u00e9cnico, informaci\u00f3n y metodolog\u00edas para asegurar la eficacia de la participaci\u00f3n en la definici\u00f3n de prioridades y en la formulaci\u00f3n de proyectos.<\/p>\n<p>No obstante lo anterior, el Gobierno Nacional ser\u00e1 el responsable de la correcta implementaci\u00f3n de los acuerdos alcanzados.<\/p>\n<p>El segundo pilar es el seguimiento a la implementaci\u00f3n.<\/p>\n<p>Se acord\u00f3 la creaci\u00f3n de un Mecanismo de verificaci\u00f3n de los acuerdos que tendr\u00e1 un componente internacional, que tendr\u00e1 como prop\u00f3sito comprobar el estado y avances de la implementaci\u00f3n de los mismos, identificar retrasos o deficiencias, y fortalecer su implementaci\u00f3n.<\/p>\n<p>El mecanismo de verificaci\u00f3n estar\u00e1 compuesto por:<\/p>\n<p>&#8211; Dos notables: ser\u00e1n dos (2) personas de representatividad internacional, elegidas, una por parte del Gobierno Nacional y otra por las FARC<\/p>\n<p>&#8211; Componente internacional de verificaci\u00f3n: estar\u00e1 integrado por un representante de cada uno de los pa\u00edses (Cuba, Noruega, Venezuela y Chile) que, como garantes y acompa\u00f1antes, han estado presentes a lo largo del proceso<\/p>\n<p>&#8211; Componente t\u00e9cnico: el Instituto Kroc de la Universidad de Notre Dame (Estados Unidos) dise\u00f1ar\u00e1 la metodolog\u00eda para identificar los avances de los acuerdos.<\/p>\n<p>Asimismo, las partes solicitar\u00e1n a las Naciones Unidas una Misi\u00f3n Pol\u00edtica con el mandato de verificar la reincorporaci\u00f3n de las FARC y la implementaci\u00f3n de medidas de protecci\u00f3n y seguridad personal y colectiva.<\/p>\n<p>Dicha misi\u00f3n iniciar\u00e1 sus actividades una vez concluya el mandato de la Misi\u00f3n de verificaci\u00f3n de cese al fuego y de hostilidades bilateral y definitivo. Reconociendo la importancia de contar con un mecanismo internacional de verificaci\u00f3n que asegure la implementaci\u00f3n de lo pactado en materia de reincorporaci\u00f3n y garant\u00edas de seguridad, el 16<\/p>\n<p>Gobierno Nacional y las FARC consideran que el sistema de verificaci\u00f3n que se ponga en marcha debe asegurar su funcionamiento por un per\u00edodo de tres (3) a\u00f1os, renovables si fuera necesario.<\/p>\n<p>El tercero pilar es el acompa\u00f1amiento internacional a la implementaci\u00f3n.<\/p>\n<p>El acompa\u00f1amiento internacional se entiende como el apoyo en experiencias, recursos, monitoreo y buenas pr\u00e1cticas, para contribuir a la implementaci\u00f3n de los acuerdos y la construcci\u00f3n de la paz.<\/p>\n<p>El Gobierno Nacional y las FARC acordaron que se solicitar\u00e1 el acompa\u00f1amiento de varios pa\u00edses y entidades internacionales en la implementaci\u00f3n de cada uno de los puntos.<\/p>\n<p><strong>Foto: <a href=\"http:\/\/www.es.lapluma.net\">www.es.lapluma.net<\/a><\/strong><\/p>\n<p>&nbsp; <\/p>\n","protected":false},"excerpt":{"rendered":"<p>PUNTO 6. Implementaci\u00f3n, verificaci\u00f3n y refrendaci\u00f3n \u00a0 Acordado el 24 de agosto de 2016 &nbsp; Este Acuerdo se\u00f1ala que a la firma del Acuerdo Final, se da inicio a la implementaci\u00f3n de todos los puntos acordados. El primer pilar es el seguimiento a la implementaci\u00f3n de los Acuerdos. Al d\u00eda siguiente de la firma del &hellip;<\/p>\n","protected":false},"author":1,"featured_media":28094,"comment_status":"open","ping_status":"open","sticky":false,"template":"","format":"standard","meta":{"footnotes":""},"categories":[7,45,4],"tags":[3182,502],"class_list":["post-28093","post","type-post","status-publish","format-standard","has-post-thumbnail","hentry","category-acontecimientos","category-destacado","category-barra","tag-acuerdo-final","tag-proceso-de-paz-en-colombia"],"_links":{"self":[{"href":"https:\/\/contraluzcucuta.co\/index.php?rest_route=\/wp\/v2\/posts\/28093","targetHints":{"allow":["GET"]}}],"collection":[{"href":"https:\/\/contraluzcucuta.co\/index.php?rest_route=\/wp\/v2\/posts"}],"about":[{"href":"https:\/\/contraluzcucuta.co\/index.php?rest_route=\/wp\/v2\/types\/post"}],"author":[{"embeddable":true,"href":"https:\/\/contraluzcucuta.co\/index.php?rest_route=\/wp\/v2\/users\/1"}],"replies":[{"embeddable":true,"href":"https:\/\/contraluzcucuta.co\/index.php?rest_route=%2Fwp%2Fv2%2Fcomments&post=28093"}],"version-history":[{"count":1,"href":"https:\/\/contraluzcucuta.co\/index.php?rest_route=\/wp\/v2\/posts\/28093\/revisions"}],"predecessor-version":[{"id":28095,"href":"https:\/\/contraluzcucuta.co\/index.php?rest_route=\/wp\/v2\/posts\/28093\/revisions\/28095"}],"wp:featuredmedia":[{"embeddable":true,"href":"https:\/\/contraluzcucuta.co\/index.php?rest_route=\/wp\/v2\/media\/28094"}],"wp:attachment":[{"href":"https:\/\/contraluzcucuta.co\/index.php?rest_route=%2Fwp%2Fv2%2Fmedia&parent=28093"}],"wp:term":[{"taxonomy":"category","embeddable":true,"href":"https:\/\/contraluzcucuta.co\/index.php?rest_route=%2Fwp%2Fv2%2Fcategories&post=28093"},{"taxonomy":"post_tag","embeddable":true,"href":"https:\/\/contraluzcucuta.co\/index.php?rest_route=%2Fwp%2Fv2%2Ftags&post=28093"}],"curies":[{"name":"wp","href":"https:\/\/api.w.org\/{rel}","templated":true}]}}