{"id":28090,"date":"2016-09-08T21:22:35","date_gmt":"2016-09-09T02:22:35","guid":{"rendered":"http:\/\/contraluzcucuta.co\/?p=28090"},"modified":"2016-09-08T21:22:35","modified_gmt":"2016-09-09T02:22:35","slug":"javier-dario-restrepo-el-posconflicto-requiere-de-un-periodismo-de-calidad","status":"publish","type":"post","link":"https:\/\/contraluzcucuta.co\/?p=28090","title":{"rendered":"JAVIER DAR\u00cdO RESTREPO. El posconflicto requiere de un periodismo de calidad"},"content":{"rendered":"<p><strong>C\u00daCUTA.-<\/strong> A Javier Dar\u00edo Restrepo no le gustan los adjetivos, porque da\u00f1an la noticia, la califican y la modifican. Pero para escribir del maestro de la \u00e9tica en el periodismo colombiano, es imprescindible echar mano de esas palabras que \u2018denotan cualidades, propiedades y relaciones de diversa naturaleza\u2019.<\/p>\n<p>Lleva 45 a\u00f1os en el ejercicio del periodismo, tiempo suficiente para dejar una ense\u00f1anza por donde pasa. En C\u00facuta estuvo en la d\u00e9cima segunda versi\u00f3n de la Fiesta de Libro, particip\u00f3 en el foro \u2018Comunicaci\u00f3n, Cultura e Innovaci\u00f3n en el Posconflicto\u2019 y dej\u00f3 un c\u00famulo de ense\u00f1anzas sobre la profesi\u00f3n que ha cumplido en la televisi\u00f3n y la prensa.<\/p>\n<p>El escenario result\u00f3 propicio para hablar de lo que sabe y con propiedad. Entreg\u00f3 mensajes directos a los periodistas para que miren de frente lo que se avecina con el plebiscito. \u201cEsta es una oportunidad para construir un pa\u00eds distinto\u201d. La frase son\u00f3 a invitaci\u00f3n inequ\u00edvoca. El auditorio asinti\u00f3 y permaneci\u00f3 en silencio.<\/p>\n<p>El hombre laureado con los m\u00e1ximos premios nacionales sonri\u00f3 y mantuvo la voz pausada. Las m\u00e1s de ocho d\u00e9cadas vividas le dan el conocimiento certero para afirmar que el pa\u00eds fue capaz de soportar las matanzas y el odio en distintas \u00e9pocas aciagas, por lo que ahora, \u201co nos renovamos o desaparecemos\u201d.<\/p>\n<p>Esa historia, dijo Javier Dar\u00edo Restrepo, plantea la oportunidad a los periodistas de hacer un periodismo distinto al que se ejerce en los medios masivos nacionales, regionales y locales. \u201cEl problema de la paz nos est\u00e1 creando la urgencia de cambiar\u201d; porque hasta ahora, el periodismo ha tenido que dirigirse a un pa\u00eds enfermo, y \u201cColombia no se nos puede morir\u201d.<\/p>\n<p>\u00bfC\u00f3mo ha informado la prensa en los \u00faltimos 50 a\u00f1os sobre la violencia? Plante\u00f3 la inquietud. Mientras j\u00f3venes y adultos buscaban la respuesta en la memoria, solt\u00f3 la siguiente prenda cargada de af\u00e1n por enrumbar el oficio de los informadores. \u201cDe la prensa se espera que venga el desarme moral\u201d.<\/p>\n<p>Y redonde\u00f3 la faena con la sentencia: \u201cCuando se hace un periodismo de poder, se hace periodismo mediocre. El periodismo de servicio es el que lleva a la calidad\u201d.<\/p>\n<p>Los veteranos periodistas, los noveles trabajadores de los medios, los comunicadores en formaci\u00f3n y los allegados a la profesi\u00f3n sintieron en cada palabra de Javier Dar\u00edo Restrepo una verdad inapelable. El movimiento pendular de la cabeza, a cada palabra, as\u00ed lo permite intuir. La lecci\u00f3n est\u00e1 servida; ahora, el compromiso es aprobar la materia.<\/p>\n<p>Luego, dedic\u00f3 buena parte de la disertaci\u00f3n a explicar 14 propuestas para trabajar en el posconflicto.<\/p>\n<p>1.- Se necesita un periodismo de propuestas.<\/p>\n<p>2.- Hay que cambiar por dentro.<\/p>\n<p>3.- Ejercer un periodismo de servicio.<\/p>\n<p>4.- Revisar el listado de fuentes.<\/p>\n<p>5.- An\u00e1lisis de los relatos. Mayor contenido de an\u00e1lisis, menor contenido de emoci\u00f3n.<\/p>\n<p>6.- Mirar el posconflicto desde la perspectiva del otro.<\/p>\n<p>7.- Hacer perfiles.<\/p>\n<p>8.- Evitar el \u2018s\u00edndrome del enemigo\u2019.<\/p>\n<p>9.- Prestar atenci\u00f3n a la opini\u00f3n de los otros.<\/p>\n<p>10.- Darles rostro a los enemigos.<\/p>\n<p>11.- No hacer periodismo con el est\u00f3mago y el h\u00edgado, sino con la inteligencia.<\/p>\n<p>12.- Mediante la informaci\u00f3n contribuir a cambiar la cultura.<\/p>\n<p>13.- Estimular hechos de confianza.<\/p>\n<p>14.- Mirar a los enemigos de ayer como los compatriotas de hoy.<\/p>\n<p>Al t\u00e9rmino de la charla los asistentes estuvieron en desacuerdo con Javier Dar\u00edo Restrepo, porque solo encontraron adjetivos para calificarlo como ser humano (excelente), expositor (inteligente) y periodista (\u00e9tico).<\/p>\n<p><strong>RAFAEL ANTONIO PAB\u00d3N <\/strong><\/p>\n<p><a href=\"mailto:rafaelpabon58@hotmail.com\"><strong>rafaelpabon58@hotmail.com<\/strong><\/a><\/p>\n<p><strong>Foto: PABLO CIRO CASTILLO<\/strong><\/p>\n<p>&nbsp; <\/p>\n","protected":false},"excerpt":{"rendered":"<p>C\u00daCUTA.- A Javier Dar\u00edo Restrepo no le gustan los adjetivos, porque da\u00f1an la noticia, la califican y la modifican. Pero para escribir del maestro de la \u00e9tica en el periodismo colombiano, es imprescindible echar mano de esas palabras que \u2018denotan cualidades, propiedades y relaciones de diversa naturaleza\u2019. Lleva 45 a\u00f1os en el ejercicio del periodismo, &hellip;<\/p>\n","protected":false},"author":1,"featured_media":28091,"comment_status":"open","ping_status":"open","sticky":false,"template":"","format":"standard","meta":{"footnotes":""},"categories":[74,4,37],"tags":[1593,185],"class_list":["post-28090","post","type-post","status-publish","format-standard","has-post-thumbnail","hentry","category-aula-universitaria","category-barra","category-paseo-cultural","tag-fiesta-del-libro-de-cucuta","tag-javier-dario-restrepo"],"_links":{"self":[{"href":"https:\/\/contraluzcucuta.co\/index.php?rest_route=\/wp\/v2\/posts\/28090","targetHints":{"allow":["GET"]}}],"collection":[{"href":"https:\/\/contraluzcucuta.co\/index.php?rest_route=\/wp\/v2\/posts"}],"about":[{"href":"https:\/\/contraluzcucuta.co\/index.php?rest_route=\/wp\/v2\/types\/post"}],"author":[{"embeddable":true,"href":"https:\/\/contraluzcucuta.co\/index.php?rest_route=\/wp\/v2\/users\/1"}],"replies":[{"embeddable":true,"href":"https:\/\/contraluzcucuta.co\/index.php?rest_route=%2Fwp%2Fv2%2Fcomments&post=28090"}],"version-history":[{"count":1,"href":"https:\/\/contraluzcucuta.co\/index.php?rest_route=\/wp\/v2\/posts\/28090\/revisions"}],"predecessor-version":[{"id":28092,"href":"https:\/\/contraluzcucuta.co\/index.php?rest_route=\/wp\/v2\/posts\/28090\/revisions\/28092"}],"wp:featuredmedia":[{"embeddable":true,"href":"https:\/\/contraluzcucuta.co\/index.php?rest_route=\/wp\/v2\/media\/28091"}],"wp:attachment":[{"href":"https:\/\/contraluzcucuta.co\/index.php?rest_route=%2Fwp%2Fv2%2Fmedia&parent=28090"}],"wp:term":[{"taxonomy":"category","embeddable":true,"href":"https:\/\/contraluzcucuta.co\/index.php?rest_route=%2Fwp%2Fv2%2Fcategories&post=28090"},{"taxonomy":"post_tag","embeddable":true,"href":"https:\/\/contraluzcucuta.co\/index.php?rest_route=%2Fwp%2Fv2%2Ftags&post=28090"}],"curies":[{"name":"wp","href":"https:\/\/api.w.org\/{rel}","templated":true}]}}