{"id":28087,"date":"2016-09-08T21:10:51","date_gmt":"2016-09-09T02:10:51","guid":{"rendered":"http:\/\/contraluzcucuta.co\/?p=28087"},"modified":"2016-09-08T21:10:51","modified_gmt":"2016-09-09T02:10:51","slug":"festival-de-titeres-56-funciones-en-12-municipios-de-norte-de-santander","status":"publish","type":"post","link":"https:\/\/contraluzcucuta.co\/?p=28087","title":{"rendered":"FESTIVAL DE T\u00cdTERES. \u00a056 funciones en 12 municipios de Norte de Santander"},"content":{"rendered":"<p><strong>C\u00daCUTA.-<\/strong> Silos, Bochalema, San Cayetano, El Zulia, Pamplona, Toledo, Labateca, Los Patios, Chitag\u00e1, Gramalote, Chin\u00e1cota y C\u00facuta tendr\u00e1n actividades correspondientes al d\u00e9cimo tercero Festival Internacional de T\u00edteres. El tel\u00f3n se levantar\u00e1 este 9 de septiembre y las funciones se prolongar\u00e1n hasta el 30.<\/p>\n<p>Las 56 funciones programadas estar\u00e1n en manos de 90 titiriteros y m\u00fasicos de Bogot\u00e1, Pasto, Cartagena, Barranquilla, Bucaramanga y\u00a0 Medell\u00edn. Los artistas engalanar\u00e1n los actos en los espacios p\u00fablicos representativos de los 12 municipios escogidos. El Festival es uno de los aspectos culturales destacados de Norte de Santander.<\/p>\n<p>Para el desarrollo de la programaci\u00f3n \u00a0la Gobernaci\u00f3n \u00a0aport\u00f3 de $ 20 millones destinados a la log\u00edstica. C\u00e9sar Ricardo Rojas, secretario de Cultura Departamental, dijo que el gobierno seccional acompa\u00f1a el Festival y apoya la b\u00fasqueda de los espacios con directores de \u00a0Casas de la Cultura, coordinadores y alcaldes. Las funciones estar\u00e1n enfocadas a la paz.<\/p>\n<p>Edgar Serrano, director del Festival de T\u00edteres, dijo que \u201clo primordial son los ni\u00f1os y los procesos culturales que conlleva el desarrollo sicomotriz de la primera infancia\u201d. Los ni\u00f1os y los j\u00f3venes ocupar\u00e1n espacios libres en las actividades. Mediante \u201cla cultura, so\u00f1emos con un pa\u00eds en paz\u201d.<\/p>\n<p>En la presentaci\u00f3n del acto cultural, la Secretar\u00eda de Cultura reconoci\u00f3 el trabajo del grupo de t\u00edteres La Fanfarria (Medell\u00edn), por los 44 a\u00f1os de trayectoria y por ser de los m\u00e1s tradicionales y antiguos de Colombia. La agrupaci\u00f3n es pionera en el arte de los t\u00edteres. Entre los m\u00e1ximos galardones alcanzados destaca la declaraci\u00f3n, en 1976, como sala hist\u00f3rica de Colombia, por parte del Ministerio Cultura. La alcald\u00eda de Medell\u00edn lo declar\u00f3 patrimonio cultural.<\/p>\n<p>El grupo est\u00e1 conformado por tres titiriteros. El nombre proviene de la m\u00fasica de vientos y metales de carnavales y fiestas callejeras. A C\u00facuta traer\u00e1 la obra \u2018El negrito aquel\u2019, que cuenta la historia de un ni\u00f1o que vive en la playa entre los universos del mar y la selva. La direcci\u00f3n est\u00e1 a cargo de Jorge Luis P\u00e9rez.<\/p>\n<p><strong>Foto: PRENSA GOBERNACI\u00d3N<\/strong><\/p>\n<p>&nbsp;<\/p>\n<p>&nbsp; <\/p>\n","protected":false},"excerpt":{"rendered":"<p>C\u00daCUTA.- Silos, Bochalema, San Cayetano, El Zulia, Pamplona, Toledo, Labateca, Los Patios, Chitag\u00e1, Gramalote, Chin\u00e1cota y C\u00facuta tendr\u00e1n actividades correspondientes al d\u00e9cimo tercero Festival Internacional de T\u00edteres. El tel\u00f3n se levantar\u00e1 este 9 de septiembre y las funciones se prolongar\u00e1n hasta el 30. Las 56 funciones programadas estar\u00e1n en manos de 90 titiriteros y m\u00fasicos &hellip;<\/p>\n","protected":false},"author":1,"featured_media":28088,"comment_status":"open","ping_status":"open","sticky":false,"template":"","format":"standard","meta":{"footnotes":""},"categories":[4,37,32],"tags":[3203],"class_list":["post-28087","post","type-post","status-publish","format-standard","has-post-thumbnail","hentry","category-barra","category-paseo-cultural","category-recorrido-por-la-region","tag-festival-internacional-de-titeres"],"_links":{"self":[{"href":"https:\/\/contraluzcucuta.co\/index.php?rest_route=\/wp\/v2\/posts\/28087","targetHints":{"allow":["GET"]}}],"collection":[{"href":"https:\/\/contraluzcucuta.co\/index.php?rest_route=\/wp\/v2\/posts"}],"about":[{"href":"https:\/\/contraluzcucuta.co\/index.php?rest_route=\/wp\/v2\/types\/post"}],"author":[{"embeddable":true,"href":"https:\/\/contraluzcucuta.co\/index.php?rest_route=\/wp\/v2\/users\/1"}],"replies":[{"embeddable":true,"href":"https:\/\/contraluzcucuta.co\/index.php?rest_route=%2Fwp%2Fv2%2Fcomments&post=28087"}],"version-history":[{"count":1,"href":"https:\/\/contraluzcucuta.co\/index.php?rest_route=\/wp\/v2\/posts\/28087\/revisions"}],"predecessor-version":[{"id":28089,"href":"https:\/\/contraluzcucuta.co\/index.php?rest_route=\/wp\/v2\/posts\/28087\/revisions\/28089"}],"wp:featuredmedia":[{"embeddable":true,"href":"https:\/\/contraluzcucuta.co\/index.php?rest_route=\/wp\/v2\/media\/28088"}],"wp:attachment":[{"href":"https:\/\/contraluzcucuta.co\/index.php?rest_route=%2Fwp%2Fv2%2Fmedia&parent=28087"}],"wp:term":[{"taxonomy":"category","embeddable":true,"href":"https:\/\/contraluzcucuta.co\/index.php?rest_route=%2Fwp%2Fv2%2Fcategories&post=28087"},{"taxonomy":"post_tag","embeddable":true,"href":"https:\/\/contraluzcucuta.co\/index.php?rest_route=%2Fwp%2Fv2%2Ftags&post=28087"}],"curies":[{"name":"wp","href":"https:\/\/api.w.org\/{rel}","templated":true}]}}