{"id":28084,"date":"2016-09-08T20:48:58","date_gmt":"2016-09-09T01:48:58","guid":{"rendered":"http:\/\/contraluzcucuta.co\/?p=28084"},"modified":"2016-09-08T20:48:58","modified_gmt":"2016-09-09T01:48:58","slug":"corredor-humanitario-ministerio-de-educacion-termina-servicio-de-transporte","status":"publish","type":"post","link":"https:\/\/contraluzcucuta.co\/?p=28084","title":{"rendered":"CORREDOR HUMANITARIO. Ministerio de Educaci\u00f3n termina servicio de transporte"},"content":{"rendered":"<p><strong>C\u00daCUTA.-<\/strong> Los 1245 estudiantes que cruzan por el puente Francisco de Paula Santander desde Ure\u00f1a hacia C\u00facuta no tendr\u00e1n m\u00e1s el servicio de trasporte gratuito. Ante los \u00faltimos hechos en la frontera colombo-venezolana, el ministerio de Educaci\u00f3n decidi\u00f3 cancelar la ayuda econ\u00f3mica. La Alcald\u00eda de C\u00facuta no cuenta con presupuesto para asumir esa responsabilidad.<\/p>\n<p>Los recursos para garantizar el servicio y contribuir con el acceso y la permanencia escolar de ni\u00f1os y adolescentes en edad escolar, registrados en la matr\u00edcula oficial de C\u00facuta, y que son residentes en Venezuela, provienen del Ministerio.<\/p>\n<p>La informaci\u00f3n la entreg\u00f3 la Secretar\u00eda de Educaci\u00f3n Municipal, en atenci\u00f3n a las directrices formuladas por la cartera de Educaci\u00f3n. El servicio se prest\u00f3 hasta el 7 de septiembre. La duraci\u00f3n estaba estipulada hasta esa fecha, hasta cumplir con la cantidad de recorridos proyectados o hasta cuando se levantara el cierre de la frontera por parte del gobierno venezolano.<\/p>\n<p>En agosto de 2015, el presidente Nicol\u00e1s Maduro orden\u00f3 levantar barricadas en los puentes internacionales para impedir el tr\u00e1nsito peatonal y el paso vehicular. La crisis fronteriza se extendi\u00f3 durante un a\u00f1o. El final se gest\u00f3 con la venida masiva de venezolanos en busca de alimentos, medicamentos y elementos de aseo.<\/p>\n<p>Para aliviar por momentos la situaci\u00f3n de los estudiantes se conform\u00f3 el corredor humanitario, y se permiti\u00f3 la\u00a0 ,<\/p>\n<p>El ministerio de Educaci\u00f3n tom\u00f3 la decisi\u00f3n de no continuar con la prestaci\u00f3n del servicio al comprobar que el paso fronterizo se ha habilitado de manera peatonal y adujo que el inconveniente fronterizo ha sido solucionado. Adem\u00e1s, que no cuenta con recursos presupuestales.<\/p>\n<p>El gobierno de C\u00facuta tampoco cuenta con presupuesto. La secretar\u00eda de Educaci\u00f3n es conocedora de que el restablecimiento del paso fronterizo ha sido paulatino. \u201cQuitar de manera dr\u00e1stica este servicio afectar\u00eda notablemente a estos estudiantes beneficiarios del servicio\u201d, se\u00f1al\u00f3 el despacho municipal.<\/p>\n<p>La determinaci\u00f3n ministerial generar\u00e1 traumatismo a los estudiantes para llegar a escuelas, colegios y universidades. \u201cContinuaremos nuestra gesti\u00f3n de recursos ante el Gobierno, con el fin de propender que estos j\u00f3venes y ni\u00f1os accedan al servicio p\u00fablico educativo en el municipio\u201d.<\/p>\n<p><strong>Foto: PRENSA ALCALD\u00cdA<\/strong><\/p>\n<p>&nbsp;<\/p>\n<p><strong>\u00a0<\/strong> <\/p>\n","protected":false},"excerpt":{"rendered":"<p>C\u00daCUTA.- Los 1245 estudiantes que cruzan por el puente Francisco de Paula Santander desde Ure\u00f1a hacia C\u00facuta no tendr\u00e1n m\u00e1s el servicio de trasporte gratuito. Ante los \u00faltimos hechos en la frontera colombo-venezolana, el ministerio de Educaci\u00f3n decidi\u00f3 cancelar la ayuda econ\u00f3mica. La Alcald\u00eda de C\u00facuta no cuenta con presupuesto para asumir esa responsabilidad. Los &hellip;<\/p>\n","protected":false},"author":1,"featured_media":28085,"comment_status":"open","ping_status":"open","sticky":false,"template":"","format":"standard","meta":{"footnotes":""},"categories":[2625,1326,4],"tags":[226,3201,3202],"class_list":["post-28084","post","type-post","status-publish","format-standard","has-post-thumbnail","hentry","category-alcaldia-de-cucuta","category-crisis-en-venezuela-2","category-barra","tag-alcaldia-de-cucuta","tag-corredor-humanitario","tag-secretaria-de-educacion-municipal"],"_links":{"self":[{"href":"https:\/\/contraluzcucuta.co\/index.php?rest_route=\/wp\/v2\/posts\/28084","targetHints":{"allow":["GET"]}}],"collection":[{"href":"https:\/\/contraluzcucuta.co\/index.php?rest_route=\/wp\/v2\/posts"}],"about":[{"href":"https:\/\/contraluzcucuta.co\/index.php?rest_route=\/wp\/v2\/types\/post"}],"author":[{"embeddable":true,"href":"https:\/\/contraluzcucuta.co\/index.php?rest_route=\/wp\/v2\/users\/1"}],"replies":[{"embeddable":true,"href":"https:\/\/contraluzcucuta.co\/index.php?rest_route=%2Fwp%2Fv2%2Fcomments&post=28084"}],"version-history":[{"count":1,"href":"https:\/\/contraluzcucuta.co\/index.php?rest_route=\/wp\/v2\/posts\/28084\/revisions"}],"predecessor-version":[{"id":28086,"href":"https:\/\/contraluzcucuta.co\/index.php?rest_route=\/wp\/v2\/posts\/28084\/revisions\/28086"}],"wp:featuredmedia":[{"embeddable":true,"href":"https:\/\/contraluzcucuta.co\/index.php?rest_route=\/wp\/v2\/media\/28085"}],"wp:attachment":[{"href":"https:\/\/contraluzcucuta.co\/index.php?rest_route=%2Fwp%2Fv2%2Fmedia&parent=28084"}],"wp:term":[{"taxonomy":"category","embeddable":true,"href":"https:\/\/contraluzcucuta.co\/index.php?rest_route=%2Fwp%2Fv2%2Fcategories&post=28084"},{"taxonomy":"post_tag","embeddable":true,"href":"https:\/\/contraluzcucuta.co\/index.php?rest_route=%2Fwp%2Fv2%2Ftags&post=28084"}],"curies":[{"name":"wp","href":"https:\/\/api.w.org\/{rel}","templated":true}]}}