{"id":28078,"date":"2016-09-08T19:59:32","date_gmt":"2016-09-09T00:59:32","guid":{"rendered":"http:\/\/contraluzcucuta.co\/?p=28078"},"modified":"2016-09-08T19:59:32","modified_gmt":"2016-09-09T00:59:32","slug":"velada-cultural-kaoba-sound-animara-la-noche-blanca","status":"publish","type":"post","link":"https:\/\/contraluzcucuta.co\/?p=28078","title":{"rendered":"VELADA CULTURAL. Kaoba Sound animar\u00e1 la \u2018Noche Blanca\u2019"},"content":{"rendered":"<p><strong>C\u00daCUTA.-<\/strong> La capital nortesantandereana disfrutar\u00e1, este 9 de septiembre, con la velada cultural por la paz; organizada por Aguas Kpital C\u00facuta. El objetivo es compartir, como es costumbre, con la comunidad cucute\u00f1a una noche dedicada a exaltar la importancia de vivir en armon\u00eda y fraternidad con los seres humanos y la naturaleza.<\/p>\n<p>Para esta iniciativa cultural la empresa de acueducto y alcantarillado ha invitado al grupo musical Kaoba Sound. La agrupaci\u00f3n cuenta con m\u00e1s de 30 a\u00f1os de experiencia en el mundo art\u00edstico. En esta ocasi\u00f3n tocar\u00e1 el coraz\u00f3n de los asistentes con las canciones dedicadas al amor.<\/p>\n<p>Los cucute\u00f1os podr\u00e1n asistir con camiseta blanca, desde las 7:00 de la noche, al frente de la Casona del Club Rotario en El Malec\u00f3n, sede de las veladas culturales de los viernes.<\/p>\n<p>Se espera la participaci\u00f3n en este encuentro de paz, que por medio de la m\u00fasica quiere dejar un mensaje de esperanza para C\u00facuta.<\/p>\n<p><strong>Foto: PRENSA AGUAS KPITAL<\/strong><\/p>\n<p>&nbsp; <\/p>\n","protected":false},"excerpt":{"rendered":"<p>C\u00daCUTA.- La capital nortesantandereana disfrutar\u00e1, este 9 de septiembre, con la velada cultural por la paz; organizada por Aguas Kpital C\u00facuta. El objetivo es compartir, como es costumbre, con la comunidad cucute\u00f1a una noche dedicada a exaltar la importancia de vivir en armon\u00eda y fraternidad con los seres humanos y la naturaleza. Para esta iniciativa &hellip;<\/p>\n","protected":false},"author":1,"featured_media":28079,"comment_status":"open","ping_status":"open","sticky":false,"template":"","format":"standard","meta":{"footnotes":""},"categories":[36,37],"tags":[1270,3200,2257],"class_list":["post-28078","post","type-post","status-publish","format-standard","has-post-thumbnail","hentry","category-la-voz-del-pueblo","category-paseo-cultural","tag-aguas-kpital-cucuta","tag-kaoba-sound","tag-veladas-culturales"],"_links":{"self":[{"href":"https:\/\/contraluzcucuta.co\/index.php?rest_route=\/wp\/v2\/posts\/28078","targetHints":{"allow":["GET"]}}],"collection":[{"href":"https:\/\/contraluzcucuta.co\/index.php?rest_route=\/wp\/v2\/posts"}],"about":[{"href":"https:\/\/contraluzcucuta.co\/index.php?rest_route=\/wp\/v2\/types\/post"}],"author":[{"embeddable":true,"href":"https:\/\/contraluzcucuta.co\/index.php?rest_route=\/wp\/v2\/users\/1"}],"replies":[{"embeddable":true,"href":"https:\/\/contraluzcucuta.co\/index.php?rest_route=%2Fwp%2Fv2%2Fcomments&post=28078"}],"version-history":[{"count":1,"href":"https:\/\/contraluzcucuta.co\/index.php?rest_route=\/wp\/v2\/posts\/28078\/revisions"}],"predecessor-version":[{"id":28080,"href":"https:\/\/contraluzcucuta.co\/index.php?rest_route=\/wp\/v2\/posts\/28078\/revisions\/28080"}],"wp:featuredmedia":[{"embeddable":true,"href":"https:\/\/contraluzcucuta.co\/index.php?rest_route=\/wp\/v2\/media\/28079"}],"wp:attachment":[{"href":"https:\/\/contraluzcucuta.co\/index.php?rest_route=%2Fwp%2Fv2%2Fmedia&parent=28078"}],"wp:term":[{"taxonomy":"category","embeddable":true,"href":"https:\/\/contraluzcucuta.co\/index.php?rest_route=%2Fwp%2Fv2%2Fcategories&post=28078"},{"taxonomy":"post_tag","embeddable":true,"href":"https:\/\/contraluzcucuta.co\/index.php?rest_route=%2Fwp%2Fv2%2Ftags&post=28078"}],"curies":[{"name":"wp","href":"https:\/\/api.w.org\/{rel}","templated":true}]}}