{"id":28075,"date":"2016-09-06T22:35:18","date_gmt":"2016-09-07T03:35:18","guid":{"rendered":"http:\/\/contraluzcucuta.co\/?p=28075"},"modified":"2016-09-06T22:35:18","modified_gmt":"2016-09-07T03:35:18","slug":"carta-neymar-el-futbol-acaba-de-recuperar-un-artista","status":"publish","type":"post","link":"https:\/\/contraluzcucuta.co\/?p=28075","title":{"rendered":"CARTA A NEYMAR. El f\u00fatbol acaba de recuperar a un artista"},"content":{"rendered":"<p><strong>C\u00daCUTA.-<\/strong> Hola, Neymar, le escribo desde C\u00facuta (Colombia), ciudad natal de James Rodr\u00edguez. Comienzo por decirle que desde 1970, cuando sus buenos paisanos Pel\u00e9 y compa\u00f1\u00eda, ganaron el Mundial en M\u00e9xico, sigo el f\u00fatbol a este nivel. En esos largos a\u00f1os he visto vestir la camiseta verde y amarillo a innumerables jugadores, unos mejores que otros, y los dem\u00e1s con el sello de estrellas.<\/p>\n<p>Siempre he preferido a la selecci\u00f3n argentina, despu\u00e9s de la colombiana; por supuesto, aunque no he sido ajeno a las presentaciones de los brasile\u00f1os. Creo que el buen f\u00fatbol no tiene nacionalidad, es uno y se juega bien en cualquiera de los cinco continentes.<\/p>\n<p>Me he atrevido a escribirle porque desde su aparici\u00f3n en este mundo deportivo me agrad\u00f3 su manera de tratar el bal\u00f3n. A Ronaldinho lo admiro por la frescura con que juega, por la alegr\u00eda que tiene para desempe\u00f1arse en el campo de juego y por la sonrisa que muestra en cualquier momento en la cancha.<\/p>\n<p>Cre\u00ed que Usted ser\u00eda el digno sucesor por los desplantes a los rivales, la agilidad para desprenderse de la marca, por la habilidad para manejar el bal\u00f3n, por la inteligencia para llegar al gol y por la irreverencia para encarar al adversario. Hasta llegu\u00e9 a verlo vestido de Merengue espa\u00f1ol y no de azul y grana catal\u00e1n.<\/p>\n<p>En el Barcelona alcanc\u00e9 a seguirlo y a aplaudir ese entendimiento con sus compa\u00f1eros de equipo. El comportamiento para ganarse el respeto de la cr\u00edtica fue excepcional, hasta que alguien le infundi\u00f3 en mal momento la p\u00e9sima idea de cambiar de actitud y, sobre todo, con la selecci\u00f3n nacional.<\/p>\n<p>Del muchacho vivaz pas\u00f3 al ma\u00f1oso; del chico que despertaba ilusi\u00f3n en el estadio pas\u00f3 a ser el hombrecito que crec\u00eda con resabios. El deportista ejemplo para los j\u00f3venes se convirti\u00f3 en el ser humano que apela a las triqui\u00f1uelas para superar los obst\u00e1culos. Se perdi\u00f3 el encanto.<\/p>\n<p>En los partidos contra Colombia en el Mundial y en los Ol\u00edmpicos se acentu\u00f3 esa imagen de futbolista enga\u00f1oso. Y lo lament\u00e9. En esos encuentros desapareci\u00f3 el artista para darles paso al payaso y al caricato que apelaba a la argucia para sacar provecho de la fama. Alcanc\u00e9 a insultarlo al referirme a Usted y lo hice con rabia y desaz\u00f3n. En mi mente buscaba respuestas al por qu\u00e9 mi hijo menor es hincha de Brasil.<\/p>\n<p>Sin embargo, en este \u00faltimo partido, no solo gan\u00f3 Brasil (2-1), con buen f\u00fatbol y mejor planteamiento en el terreo de juego, sino que el mundo recuper\u00f3 al artista del f\u00fatbol que mor\u00eda entre los gestos fingidos, el dolor ausente y la mueca falsa.<\/p>\n<p>Me alegr\u00f3 ver al Neymar de anta\u00f1o, con toques sutiles, piruetas con el bal\u00f3n y con se\u00f1or\u00edo para jugar al f\u00fatbol. El deporte est\u00e1 de pl\u00e1cemes, porque el artista ha vuelto. Ojal\u00e1 no se refunda entre la fama y la codicia. Ese es el Neymar que debe seguir en este \u00e1mbito universal. No el provocador, el mentiroso, el ilusionista, el falso. Bienvenido a su mundo.<\/p>\n<p>Atentamente,<\/p>\n<p><strong>RAFAEL ANTONIO PAB\u00d3N<\/strong><\/p>\n<p><a href=\"mailto:rafaelpabon58@hotmail.com\">rafaelpabon58@hotmail.com<\/a><\/p>\n<p><strong>Foto:\u00a0<\/strong><strong><a href=\"http:\/\/www.futbolred.com\">www.futbolred.com<\/a><\/strong> <\/p>\n","protected":false},"excerpt":{"rendered":"<p>C\u00daCUTA.- Hola, Neymar, le escribo desde C\u00facuta (Colombia), ciudad natal de James Rodr\u00edguez. Comienzo por decirle que desde 1970, cuando sus buenos paisanos Pel\u00e9 y compa\u00f1\u00eda, ganaron el Mundial en M\u00e9xico, sigo el f\u00fatbol a este nivel. En esos largos a\u00f1os he visto vestir la camiseta verde y amarillo a innumerables jugadores, unos mejores que &hellip;<\/p>\n","protected":false},"author":1,"featured_media":28076,"comment_status":"open","ping_status":"open","sticky":false,"template":"","format":"standard","meta":{"footnotes":""},"categories":[4,28],"tags":[3199,3197,3198],"class_list":["post-28075","post","type-post","status-publish","format-standard","has-post-thumbnail","hentry","category-barra","category-vistazo-deportivo","tag-mundial-rusia-2018","tag-neymar","tag-seleccion-brasil"],"_links":{"self":[{"href":"https:\/\/contraluzcucuta.co\/index.php?rest_route=\/wp\/v2\/posts\/28075","targetHints":{"allow":["GET"]}}],"collection":[{"href":"https:\/\/contraluzcucuta.co\/index.php?rest_route=\/wp\/v2\/posts"}],"about":[{"href":"https:\/\/contraluzcucuta.co\/index.php?rest_route=\/wp\/v2\/types\/post"}],"author":[{"embeddable":true,"href":"https:\/\/contraluzcucuta.co\/index.php?rest_route=\/wp\/v2\/users\/1"}],"replies":[{"embeddable":true,"href":"https:\/\/contraluzcucuta.co\/index.php?rest_route=%2Fwp%2Fv2%2Fcomments&post=28075"}],"version-history":[{"count":1,"href":"https:\/\/contraluzcucuta.co\/index.php?rest_route=\/wp\/v2\/posts\/28075\/revisions"}],"predecessor-version":[{"id":28077,"href":"https:\/\/contraluzcucuta.co\/index.php?rest_route=\/wp\/v2\/posts\/28075\/revisions\/28077"}],"wp:featuredmedia":[{"embeddable":true,"href":"https:\/\/contraluzcucuta.co\/index.php?rest_route=\/wp\/v2\/media\/28076"}],"wp:attachment":[{"href":"https:\/\/contraluzcucuta.co\/index.php?rest_route=%2Fwp%2Fv2%2Fmedia&parent=28075"}],"wp:term":[{"taxonomy":"category","embeddable":true,"href":"https:\/\/contraluzcucuta.co\/index.php?rest_route=%2Fwp%2Fv2%2Fcategories&post=28075"},{"taxonomy":"post_tag","embeddable":true,"href":"https:\/\/contraluzcucuta.co\/index.php?rest_route=%2Fwp%2Fv2%2Ftags&post=28075"}],"curies":[{"name":"wp","href":"https:\/\/api.w.org\/{rel}","templated":true}]}}