{"id":28066,"date":"2016-09-05T21:19:26","date_gmt":"2016-09-06T02:19:26","guid":{"rendered":"http:\/\/contraluzcucuta.co\/?p=28066"},"modified":"2016-09-05T21:19:26","modified_gmt":"2016-09-06T02:19:26","slug":"pedagogia-de-paz-notas-explicativas-sobre-los-seis-puntos-del-acuerdo-final-5","status":"publish","type":"post","link":"https:\/\/contraluzcucuta.co\/?p=28066","title":{"rendered":"PEDAGOG\u00cdA DE PAZ. Notas explicativas sobre los seis puntos del Acuerdo Final  \u00a0"},"content":{"rendered":"<p><strong>PUNTO 5. V\u00edctimas: Sistema Integral de Verdad, Justicia, Reparaci\u00f3n y No repetici\u00f3n<\/strong><\/p>\n<p>Acordado el 15 de diciembre de 2015<\/p>\n<p>&nbsp;<\/p>\n<p>El conflicto armado en Colombia, de m\u00e1s de cinco d\u00e9cadas, ha ocasionado un da\u00f1o y un sufrimiento a la poblaci\u00f3n sin igual en la historia. En reconocimiento de esta tragedia nacional se acord\u00f3 que el resarcimiento de las v\u00edctimas deber\u00eda estar en el centro de cualquier acuerdo y que la agenda para la terminaci\u00f3n del conflicto deber\u00eda incluir un punto sobre las v\u00edctimas.<\/p>\n<p>&nbsp;<\/p>\n<p>Se acord\u00f3 la creaci\u00f3n de un Sistema Integral de Verdad, Justicia, Reparaci\u00f3n y No Repetici\u00f3n, con el fin de lograr la mayor satisfacci\u00f3n posible de los derechos de las v\u00edctimas, asegurar la rendici\u00f3n de cuentas por lo ocurrido, garantizar la seguridad jur\u00eddica de quienes participen en \u00e9l y contribuir a garantizar la convivencia, la reconciliaci\u00f3n y la no repetici\u00f3n del conflicto y as\u00ed asegurar la transici\u00f3n del conflicto armado a la paz.<\/p>\n<p>Se trata de un sistema compuesto por diferentes mecanismos y medidas, tanto judiciales como extra judiciales, que se pondr\u00e1n en marcha de manera coordinada y simult\u00e1nea.<\/p>\n<p>Estos son:<\/p>\n<ul>\n<li>La Comisi\u00f3n para el Esclarecimiento de la Verdad, la Convivencia y la No Repetici\u00f3n<\/li>\n<li>La Unidad para la B\u00fasqueda de Personas dadas por Desaparecidas en el contexto y en raz\u00f3n del conflicto armado<\/li>\n<li>La Jurisdicci\u00f3n Especial para la Paz<\/li>\n<li>Medidas de reparaci\u00f3n integral<\/li>\n<li>Garant\u00edas de No repetici\u00f3n<\/li>\n<\/ul>\n<p>El Sistema Integral busca satisfacer, a trav\u00e9s de los distintos mecanismos, los derechos de todas las v\u00edctimas del conflicto armado: v\u00edctimas de agentes del Estado, v\u00edctimas de las guerrillas y tambi\u00e9n v\u00edctimas de los grupos paramilitares. Para tal efecto los distintos mecanismos buscan incentivar la colaboraci\u00f3n de quienes tuvieron una participaci\u00f3n directa o indirecta en el conflicto armado y cometieron delitos en el contexto y en raz\u00f3n de este.<\/p>\n<p><strong>1.- Comisi\u00f3n para el Esclarecimiento de la Verdad, la Convivencia y la No Repetici\u00f3n<\/strong><\/p>\n<p>Es un mecanismo imparcial e independiente, de car\u00e1cter transitorio y extra-judicial, y con enfoque territorial, que buscar\u00e1 contribuir a la satisfacci\u00f3n del derecho de las v\u00edctimas y de la sociedad en su conjunto a la verdad.<\/p>\n<p>Hist\u00f3ricamente este tipo de Comisiones se han creado en procesos de transici\u00f3n (de dictaduras a la democracia y de conflictos armados a la paz) para esclarecer patrones de violencia. No es un mecanismo para administrar justicia sino para contribuir a la verdad.<\/p>\n<p>Sus objetivos son:<\/p>\n<p>&#8211; Contribuir al esclarecimiento de lo ocurrido y ofrecer una explicaci\u00f3n amplia de la complejidad del conflicto armado<\/p>\n<p>&#8211; Promover y contribuir al reconocimiento de las v\u00edctimas; de responsabilidad de quienes participaron directa e indirectamente en el conflicto armado; y de toda la sociedad de lo que sucedi\u00f3<\/p>\n<p>&#8211; Promover la convivencia en los territorios, mediante una ambiente de di\u00e1logo y la creaci\u00f3n de espacios para o\u00edr las diferentes voces. Adem\u00e1s de producir un informe final, la Comisi\u00f3n crear\u00e1 espacios en los \u00e1mbitos nacional, regional y territorial, en especial audiencias p\u00fablicas, con el fin de escuchar las diferentes voces y de promover la participaci\u00f3n de los diferentes sectores de la sociedad, incluyendo de quienes hayan participado de manera directa o indirecta en el conflicto.<\/p>\n<p><strong>2.- Unidad para la B\u00fasqueda de Personas dadas por Desaparecidas <\/strong><\/p>\n<p>Es una Unidad especial de alto nivel de car\u00e1cter humanitario y extrajudicial que busca establecer lo acaecido a las personas dadas por desaparecidas en el contexto y en raz\u00f3n del conflicto armado y de esa manera contribuir a satisfacer los derechos de las v\u00edctimas a la verdad y la reparaci\u00f3n integral.<\/p>\n<p>La Unidad buscar\u00e1 a:<\/p>\n<p>&#8211; Las personas que murieron en poder de las organizaciones armadas ilegales<\/p>\n<p>&#8211; Las personas que hayan sido v\u00edctimas de desaparici\u00f3n forzada con ocasi\u00f3n del conflicto<\/p>\n<p>&#8211; Los civiles que por causa del conflicto \u2013por ejemplo, del desplazamiento- se puedan haber visto apartados forzosamente de sus familias<\/p>\n<p>&#8211; Todos quienes hayan participado en las hostilidades y cuya suerte no haya sido establecida<\/p>\n<p>Toda familia que tenga a un familiar desaparecido con ocasi\u00f3n del conflicto puede estar segura de que se har\u00e1n todos los esfuerzos posibles para establecer su suerte, ya sea que se localice a la persona con vida, se encuentren sus restos o se provea la mejor informaci\u00f3n posible.<\/p>\n<p><strong>3.- Jurisdicci\u00f3n Especial para la Paz <\/strong><\/p>\n<p>Es el componente de justicia del Sistema Integral. Se trata de una jurisdicci\u00f3n que busca, ante todo, la satisfacci\u00f3n de los derechos de las v\u00edctimas, en particular el derecho a la justicia, pero tambi\u00e9n contribuir a garantizar sus derechos a la verdad, la reparaci\u00f3n y la no repetici\u00f3n, as\u00ed como contribuir a la consolidaci\u00f3n de la paz.<\/p>\n<p>Es la primera vez que un gobierno y un grupo armado ilegal crean en un acuerdo de paz un sistema de rendici\u00f3n de cuentas ante un Tribunal nacional para investigar, juzgar y sancionar las conductas cometidas en el contexto y en raz\u00f3n del conflicto armado, en particular los delitos m\u00e1s graves y representativos.<\/p>\n<p>Se aplicar\u00e1 a todos quienes habiendo participado de manera directa o indirecta en el conflicto armado, cometieron delitos en el contexto y en raz\u00f3n de \u00e9ste: (i) los miembros de grupos guerrilleros que suscriban un acuerdo final de paz con el Gobierno, una vez hayan dejado las armas; (ii) los agentes del Estado que hayan cometido delitos en el contexto y en raz\u00f3n del conflicto armado; y (iii) las personas que sin formar parte de las organizaciones o grupos armados hayan participado de manera indirecta (financiadores o colaboradores) en el conflicto armado y hayan tenido responsabilidad en la comisi\u00f3n de los cr\u00edmenes m\u00e1s graves y representativos.<\/p>\n<p>La JEP estar\u00e1 integrada por Magistrados principalmente colombianos, sin perjuicio de una participaci\u00f3n minoritaria de extranjeros. Todos ellos ser\u00e1n escogidos mediante un proceso transparente que garantice que los seleccionados cuenten con las m\u00e1s altas calidades morales y que se cumplan los est\u00e1ndares internacionales de independencia judicial.<\/p>\n<p>La mayor garant\u00eda de que el proceso de selecci\u00f3n de los magistrados ser\u00e1 aut\u00f3nomo, independiente y transparente es la calidad de las instituciones que los escoger\u00e1n. Se acord\u00f3 proponer a las siguientes instituciones y personas para que cada una de ellas escojan una persona para confirmar el mecanismo de selecci\u00f3n:<\/p>\n<p>&#8211; Secretario General de Naciones Unidas<\/p>\n<p>&#8211; Su Santidad el Papa<\/p>\n<p>&#8211; Sala Penal de la Corte Suprema de Justicia<\/p>\n<p>&#8211; Delegaci\u00f3n en Colombia del Centro Internacional de Justicia Transicional (ICTJ)<\/p>\n<p>&#8211; La Comisi\u00f3n Permanente del Sistema Universitario del Estado, que re\u00fane a los rectores de las universidades estatales u oficiales del pa\u00eds.<\/p>\n<p>A la terminaci\u00f3n de las hostilidades, de acuerdo con el Derecho Internacional Humanitario y con el derecho constitucional colombiano, se otorgar\u00e1n amnist\u00edas o indultos por delitos pol\u00edticos y conexos.<\/p>\n<p>En todo caso no ser\u00e1n objeto de amnist\u00eda ni indulto (ni de beneficios equivalentes) los delitos de lesa humanidad, el genocidio, los graves cr\u00edmenes de guerra, la toma de rehenes u otra privaci\u00f3n grave de la libertad como por ejemplo el secuestro de civiles, la tortura, las ejecuciones extrajudiciales, la desaparici\u00f3n forzada, el acceso carnal violento y otras formas de violencia sexual, el desplazamiento forzado, adem\u00e1s del reclutamiento de menores conforme a lo establecido en el Estatuto de Roma.<\/p>\n<p>Para los delitos no amnistiables ni indultables, la JEP \u2013a trav\u00e9s del Tribunal para la Paz- podr\u00e1 imponer 3 tipos de sanciones: (i) propias; (ii) alternativas; y (iii) ordinarias.<\/p>\n<p>Las sanciones propias se impondr\u00e1n a quienes reconozcan verdad y responsabilidad ante la JEP respecto a determinadas violaciones e infracciones muy graves. Tendr\u00e1n un contenido restaurativo y reparador, as\u00ed como un componente de restricci\u00f3n efectiva de libertades y derechos, tales como la libertad de residencia y movimiento. Tendr\u00e1n una duraci\u00f3n de entre 5 y 8 a\u00f1os.<\/p>\n<p>Las sanciones alternativas se impondr\u00e1n a quienes reconozcan tard\u00edamente verdad y responsabilidad, antes de proferir la sentencia. Tendr\u00e1n una funci\u00f3n esencialmente retributiva de pena privativa de la libertad de 5 a 8 a\u00f1os.<\/p>\n<p>Finalmente, las sanciones ordinarias se impondr\u00e1n a quienes no hayan reconocido responsabilidad y sean condenados por parte del Tribunal. Tendr\u00e1n una funci\u00f3n esencialmente retributiva de pena privativa de la libertad. En todo caso la privaci\u00f3n efectiva de libertad no ser\u00e1 inferior a 15 a\u00f1os ni superior a 20 en el caso de conductas muy graves.<\/p>\n<p>Para acceder y mantener cualquier tratamiento especial de justicia ser\u00e1 necesario 14<\/p>\n<p>contribuir a la verdad, la reparaci\u00f3n y la no repetici\u00f3n en los distintos mecanismos del Sistema Integral. El cumplimiento de estas condicionalidades ser\u00e1 verificado por la JEP.<\/p>\n<ol start=\"4\">\n<li><strong> Medidas de reparaci\u00f3n integral para la construcci\u00f3n de la paz: <\/strong><\/li>\n<\/ol>\n<p>El fin del conflicto representa una oportunidad \u00fanica para fortalecer el Programa de reparaci\u00f3n integral de v\u00edctimas que viene implementando el Estado.<\/p>\n<p>El acuerdo contempla ocho medidas:<\/p>\n<ul>\n<li>Actos tempranos de reconocimiento de responsabilidad colectiva<\/li>\n<li>Acciones concretas de contribuci\u00f3n a la reparaci\u00f3n por parte de quienes han causado da\u00f1os<\/li>\n<li>Fortalecimiento de los procesos de reparaci\u00f3n colectiva y articulaci\u00f3n con los programas de desarrollo<\/li>\n<li>Ampliaci\u00f3n y fortalecimiento de las estrategias de estrategias de rehabilitaci\u00f3n psico-social a nivel individual y comunitario<\/li>\n<li>Implementaci\u00f3n de procesos colectivos de retornos de personas en situaci\u00f3n de desplazamiento y fortalecimiento de la reparaci\u00f3n de v\u00edctimas en el exterior<\/li>\n<li>Fortalecimiento de los procesos de restituci\u00f3n de tierras<\/li>\n<li>Adecuaci\u00f3n y fortalecimiento participativo de la Pol\u00edtica de atenci\u00f3n y reparaci\u00f3n integral a v\u00edctimas<\/li>\n<li>Compromiso de las FARC de contribuir a la reparaci\u00f3n integral, incluyendo reparaci\u00f3n material<\/li>\n<\/ul>\n<ol start=\"5\">\n<li><strong> Garant\u00edas de No Repetici\u00f3n: <\/strong><\/li>\n<\/ol>\n<p>Las garant\u00edas de no repetici\u00f3n de las violaciones y del conflicto mismo ser\u00e1n resultado de la implementaci\u00f3n de:<\/p>\n<ul>\n<li>Los diferentes mecanismos y medidas del Sistema Integral de Verdad, Justicia, Reparaci\u00f3n y No Repetici\u00f3n<\/li>\n<li>Las medidas que se acordar\u00e1n en el Punto 3 de la Agenda del Acuerdo General \u201cFin del Conflicto\u201d, que buscan garantizar la terminaci\u00f3n definitiva del conflicto armado; y<\/li>\n<li>Todos los puntos del Acuerdo Final en materia de Reforma Rural Integral, Apertura Democr\u00e1tica para Construir la Paz y Soluci\u00f3n al Problema de las Drogas Il\u00edcitas, que contribuir\u00e1n a reversar los efectos del conflicto y a cambiar las condiciones que han facilitado la persistencia de la violencia en el territorio.<\/li>\n<\/ul>\n<p>Foto:\u00a0<strong>www.websur.net<\/strong><\/p>\n<p>(Ma\u00f1ana. <strong>PUNTO 6. Implementaci\u00f3n, verificaci\u00f3n y refrendaci\u00f3n)<\/strong> <\/p>\n","protected":false},"excerpt":{"rendered":"<p>PUNTO 5. V\u00edctimas: Sistema Integral de Verdad, Justicia, Reparaci\u00f3n y No repetici\u00f3n Acordado el 15 de diciembre de 2015 &nbsp; El conflicto armado en Colombia, de m\u00e1s de cinco d\u00e9cadas, ha ocasionado un da\u00f1o y un sufrimiento a la poblaci\u00f3n sin igual en la historia. En reconocimiento de esta tragedia nacional se acord\u00f3 que el &hellip;<\/p>\n","protected":false},"author":1,"featured_media":28067,"comment_status":"open","ping_status":"open","sticky":false,"template":"","format":"standard","meta":{"footnotes":""},"categories":[7,45,4],"tags":[3193],"class_list":["post-28066","post","type-post","status-publish","format-standard","has-post-thumbnail","hentry","category-acontecimientos","category-destacado","category-barra","tag-acuerdo-de-paz"],"_links":{"self":[{"href":"https:\/\/contraluzcucuta.co\/index.php?rest_route=\/wp\/v2\/posts\/28066","targetHints":{"allow":["GET"]}}],"collection":[{"href":"https:\/\/contraluzcucuta.co\/index.php?rest_route=\/wp\/v2\/posts"}],"about":[{"href":"https:\/\/contraluzcucuta.co\/index.php?rest_route=\/wp\/v2\/types\/post"}],"author":[{"embeddable":true,"href":"https:\/\/contraluzcucuta.co\/index.php?rest_route=\/wp\/v2\/users\/1"}],"replies":[{"embeddable":true,"href":"https:\/\/contraluzcucuta.co\/index.php?rest_route=%2Fwp%2Fv2%2Fcomments&post=28066"}],"version-history":[{"count":1,"href":"https:\/\/contraluzcucuta.co\/index.php?rest_route=\/wp\/v2\/posts\/28066\/revisions"}],"predecessor-version":[{"id":28068,"href":"https:\/\/contraluzcucuta.co\/index.php?rest_route=\/wp\/v2\/posts\/28066\/revisions\/28068"}],"wp:featuredmedia":[{"embeddable":true,"href":"https:\/\/contraluzcucuta.co\/index.php?rest_route=\/wp\/v2\/media\/28067"}],"wp:attachment":[{"href":"https:\/\/contraluzcucuta.co\/index.php?rest_route=%2Fwp%2Fv2%2Fmedia&parent=28066"}],"wp:term":[{"taxonomy":"category","embeddable":true,"href":"https:\/\/contraluzcucuta.co\/index.php?rest_route=%2Fwp%2Fv2%2Fcategories&post=28066"},{"taxonomy":"post_tag","embeddable":true,"href":"https:\/\/contraluzcucuta.co\/index.php?rest_route=%2Fwp%2Fv2%2Ftags&post=28066"}],"curies":[{"name":"wp","href":"https:\/\/api.w.org\/{rel}","templated":true}]}}