{"id":28060,"date":"2016-09-05T20:06:21","date_gmt":"2016-09-06T01:06:21","guid":{"rendered":"http:\/\/contraluzcucuta.co\/?p=28060"},"modified":"2016-09-05T20:06:21","modified_gmt":"2016-09-06T01:06:21","slug":"maratones-de-lectura-estudiantes-de-norte-de-santander-en-el-ranquin-nacional","status":"publish","type":"post","link":"https:\/\/contraluzcucuta.co\/?p=28060","title":{"rendered":"MARATONES DE LECTURA. Estudiantes de Norte de Santander, en el ranquin nacional"},"content":{"rendered":"<p><strong>C\u00daCUTA.-<\/strong> La instituci\u00f3n educativa \u2018Julio P\u00e9rez Ferrero\u2019 (C\u00facuta) y el Instituto T\u00e9cnico \u2018Mar\u00eda Inmaculada\u2019 (Villa del Rosario) integran el grupo de los 20 primeros centros educativos m\u00e1s lectores de Colombia. El Ministerio de Educaci\u00f3n present\u00f3 el balance de la primera fase de las Maratones de Lectura y las dos instituciones de Norte de Santander ocupan el tercero y el d\u00e9cimo sexto lugares del ranquin nacional.<\/p>\n<p>La actividad reuni\u00f3 a 432.000 estudiantes y 4594 docentes, de 1523 colegios del pa\u00eds, que han le\u00eddo 224.169 libros. Los cinco autores preferidos son Gabriel Garc\u00eda M\u00e1rquez, Rafael Pombo, Keiko Kasza, Hermanos Grimm y Charles Perrault.<\/p>\n<p>Los 20 colegios m\u00e1s lectores de 12 departamentos recibir\u00e1n como incentivo, cada uno, una colecci\u00f3n de 100 libros:<\/p>\n<p>1.- I.E Los Pinos &#8211; Florencia, Caquet\u00e1.<\/p>\n<p>2.- I.E San Sebasti\u00e1n &#8211; La Plata, Huila.<\/p>\n<p><strong>3.- I.E Julio P\u00e9rez Ferrero &#8211; C\u00facuta, Norte de Santander.<\/strong><\/p>\n<p>4.- I.E. La Paz &#8211; Envigado, Antioquia.<\/p>\n<p>5.- I.E. Madre Laura &#8211; Apartad\u00f3, Antioquia.<\/p>\n<p>6.- I.E. Sim\u00f3n Bol\u00edvar &#8211; Arauca, Arauca.<\/p>\n<p>7.- I.E. T\u00e9cnica Gabriela Mistral &#8211; Melgar, Tolima.<\/p>\n<p>8.- E.N.S. Montes de Mar\u00eda &#8211; San Juan de Nepomuceno, Bol\u00edvar.<\/p>\n<p>9.- E.N.S. de Envigado &#8211; Envigado, Antioquia.<\/p>\n<p>10.- I.E. Julia Restrepo &#8211; Tulu\u00e1, Valle del Cauca.<\/p>\n<p>11.- I.E. Inem Baldomero San\u00edn Cano &#8211; Manizales, Caldas.<\/p>\n<p>12.- E.N.S. Nuestra Se\u00f1ora de la Candelaria &#8211; Marquetalia, Caldas.<\/p>\n<p>13.- I.E. Aquilino Bedoya &#8211; Pereira, Risaralda.<\/p>\n<p>14.- I.E. Pensilvania &#8211; Pensilvania, Caldas.<\/p>\n<p>15.- I.E. Centro de Comercio &#8211; Piedecuesta, Santander.<\/p>\n<p><strong>16.- I.T. Mar\u00eda Inmaculada &#8211; Villa del Rosario, Norte de Santander.<\/strong><\/p>\n<p>17.- I.E. Montecarlo Guillermo Gaviria &#8211; Medell\u00edn, Antioquia.<\/p>\n<p>18.- I.E. San Francisco de As\u00eds &#8211; Apartad\u00f3, Antioquia.<\/p>\n<p>19.- I.E. Santa Teresa de Jesus &#8211; Ibagu\u00e9, Tolima.<\/p>\n<p>20.- E.N.S. de Sincelejo &#8211; Sincelejo, Sucre.<\/p>\n<p>El 7 de septiembre, iniciar\u00e1 la segunda fase de las Maratones de Lectura, en las que podr\u00e1n participar 3061 colegios inscritos. Al finalizar, se conocer\u00e1n los tres colegios en los que se har\u00e1 el Desaf\u00edo Lector para seleccionar a los tres estudiantes que viajar\u00e1n, con un acompa\u00f1ante cada uno, al tour literario por Europa.<\/p>\n<p><strong>Foto: PRENSA GOBERNACI\u00d3N<\/strong><\/p>\n<p>&nbsp; <\/p>\n","protected":false},"excerpt":{"rendered":"<p>C\u00daCUTA.- La instituci\u00f3n educativa \u2018Julio P\u00e9rez Ferrero\u2019 (C\u00facuta) y el Instituto T\u00e9cnico \u2018Mar\u00eda Inmaculada\u2019 (Villa del Rosario) integran el grupo de los 20 primeros centros educativos m\u00e1s lectores de Colombia. El Ministerio de Educaci\u00f3n present\u00f3 el balance de la primera fase de las Maratones de Lectura y las dos instituciones de Norte de Santander ocupan &hellip;<\/p>\n","protected":false},"author":1,"featured_media":28061,"comment_status":"open","ping_status":"open","sticky":false,"template":"","format":"standard","meta":{"footnotes":""},"categories":[4,37,32],"tags":[3191],"class_list":["post-28060","post","type-post","status-publish","format-standard","has-post-thumbnail","hentry","category-barra","category-paseo-cultural","category-recorrido-por-la-region","tag-maratones-de-lectura"],"_links":{"self":[{"href":"https:\/\/contraluzcucuta.co\/index.php?rest_route=\/wp\/v2\/posts\/28060","targetHints":{"allow":["GET"]}}],"collection":[{"href":"https:\/\/contraluzcucuta.co\/index.php?rest_route=\/wp\/v2\/posts"}],"about":[{"href":"https:\/\/contraluzcucuta.co\/index.php?rest_route=\/wp\/v2\/types\/post"}],"author":[{"embeddable":true,"href":"https:\/\/contraluzcucuta.co\/index.php?rest_route=\/wp\/v2\/users\/1"}],"replies":[{"embeddable":true,"href":"https:\/\/contraluzcucuta.co\/index.php?rest_route=%2Fwp%2Fv2%2Fcomments&post=28060"}],"version-history":[{"count":1,"href":"https:\/\/contraluzcucuta.co\/index.php?rest_route=\/wp\/v2\/posts\/28060\/revisions"}],"predecessor-version":[{"id":28062,"href":"https:\/\/contraluzcucuta.co\/index.php?rest_route=\/wp\/v2\/posts\/28060\/revisions\/28062"}],"wp:featuredmedia":[{"embeddable":true,"href":"https:\/\/contraluzcucuta.co\/index.php?rest_route=\/wp\/v2\/media\/28061"}],"wp:attachment":[{"href":"https:\/\/contraluzcucuta.co\/index.php?rest_route=%2Fwp%2Fv2%2Fmedia&parent=28060"}],"wp:term":[{"taxonomy":"category","embeddable":true,"href":"https:\/\/contraluzcucuta.co\/index.php?rest_route=%2Fwp%2Fv2%2Fcategories&post=28060"},{"taxonomy":"post_tag","embeddable":true,"href":"https:\/\/contraluzcucuta.co\/index.php?rest_route=%2Fwp%2Fv2%2Ftags&post=28060"}],"curies":[{"name":"wp","href":"https:\/\/api.w.org\/{rel}","templated":true}]}}