{"id":28049,"date":"2016-09-03T15:37:53","date_gmt":"2016-09-03T20:37:53","guid":{"rendered":"http:\/\/contraluzcucuta.co\/?p=28049"},"modified":"2016-09-03T15:37:53","modified_gmt":"2016-09-03T20:37:53","slug":"bochalema-silleteros-desfile-de-carros-antiguos-y-mensajes-de-paz","status":"publish","type":"post","link":"https:\/\/contraluzcucuta.co\/?p=28049","title":{"rendered":"BOCHALEMA. Silleteros, \u00a0desfile de carros antiguos y mensajes de paz"},"content":{"rendered":"<p><strong>BOCHALEMA \u2013 Norte de Santander.-<\/strong> Treinta silleteros, exposici\u00f3n de carros antiguos, cabalgatas y bicicletas con mensajes alusivos a la paz har\u00e1n parte del festival en homenaje a la patrona de Bochalema, Nuestra Se\u00f1ora de la Cueva Santa. El programa se desarrollar\u00e1 del 4 al 11 de septiembre.<\/p>\n<p>La alcaldesa Inmaculada Parada anunci\u00f3 que el festival es una estrategia para aprovechar el potencial tur\u00edstico y la riqueza natural de la localidad.<\/p>\n<p>El secretario de Cultura del departamento, C\u00e9sar Ricardo Rojas, asegur\u00f3 que los visitantes a Bochalema y los amantes a la m\u00fasica y la cultura, disfrutar\u00e1n la presentaci\u00f3n oficial de la orquesta sinf\u00f3nica de Norte de Santander.<\/p>\n<p>La Gobernaci\u00f3n y la Secretar\u00eda buscan proyectar la identidad cultural del departamento y han propiciado espacios para la divulgaci\u00f3n y la exposici\u00f3n de las muestras culturales de la regi\u00f3n.<\/p>\n<p>La coordinadora de la Oficina de Alcaldes de la Gobernaci\u00f3n, Erika Santos, se\u00f1al\u00f3 que el objetivo primario es apoyar las actividades en cada municipalidad, para dar apertura a los ciclos culturales y dem\u00e1s muestras que proyecten la identidad nortesantandereana.<\/p>\n<p><strong>Foto: \u00a0<a href=\"http:\/\/www.medellin.gov.co\">www.medellin.gov.co<\/a><\/strong><\/p>\n<p>&nbsp;<\/p>\n<p>&nbsp; <\/p>\n","protected":false},"excerpt":{"rendered":"<p>BOCHALEMA \u2013 Norte de Santander.- Treinta silleteros, exposici\u00f3n de carros antiguos, cabalgatas y bicicletas con mensajes alusivos a la paz har\u00e1n parte del festival en homenaje a la patrona de Bochalema, Nuestra Se\u00f1ora de la Cueva Santa. El programa se desarrollar\u00e1 del 4 al 11 de septiembre. La alcaldesa Inmaculada Parada anunci\u00f3 que el festival &hellip;<\/p>\n","protected":false},"author":1,"featured_media":28050,"comment_status":"open","ping_status":"open","sticky":false,"template":"","format":"standard","meta":{"footnotes":""},"categories":[32],"tags":[444,3189],"class_list":["post-28049","post","type-post","status-publish","format-standard","has-post-thumbnail","hentry","category-recorrido-por-la-region","tag-bochalema","tag-maria-inmaculada-parada"],"_links":{"self":[{"href":"https:\/\/contraluzcucuta.co\/index.php?rest_route=\/wp\/v2\/posts\/28049","targetHints":{"allow":["GET"]}}],"collection":[{"href":"https:\/\/contraluzcucuta.co\/index.php?rest_route=\/wp\/v2\/posts"}],"about":[{"href":"https:\/\/contraluzcucuta.co\/index.php?rest_route=\/wp\/v2\/types\/post"}],"author":[{"embeddable":true,"href":"https:\/\/contraluzcucuta.co\/index.php?rest_route=\/wp\/v2\/users\/1"}],"replies":[{"embeddable":true,"href":"https:\/\/contraluzcucuta.co\/index.php?rest_route=%2Fwp%2Fv2%2Fcomments&post=28049"}],"version-history":[{"count":1,"href":"https:\/\/contraluzcucuta.co\/index.php?rest_route=\/wp\/v2\/posts\/28049\/revisions"}],"predecessor-version":[{"id":28051,"href":"https:\/\/contraluzcucuta.co\/index.php?rest_route=\/wp\/v2\/posts\/28049\/revisions\/28051"}],"wp:featuredmedia":[{"embeddable":true,"href":"https:\/\/contraluzcucuta.co\/index.php?rest_route=\/wp\/v2\/media\/28050"}],"wp:attachment":[{"href":"https:\/\/contraluzcucuta.co\/index.php?rest_route=%2Fwp%2Fv2%2Fmedia&parent=28049"}],"wp:term":[{"taxonomy":"category","embeddable":true,"href":"https:\/\/contraluzcucuta.co\/index.php?rest_route=%2Fwp%2Fv2%2Fcategories&post=28049"},{"taxonomy":"post_tag","embeddable":true,"href":"https:\/\/contraluzcucuta.co\/index.php?rest_route=%2Fwp%2Fv2%2Ftags&post=28049"}],"curies":[{"name":"wp","href":"https:\/\/api.w.org\/{rel}","templated":true}]}}