{"id":28045,"date":"2016-09-03T15:00:30","date_gmt":"2016-09-03T20:00:30","guid":{"rendered":"http:\/\/contraluzcucuta.co\/?p=28045"},"modified":"2016-09-03T15:00:30","modified_gmt":"2016-09-03T20:00:30","slug":"equidad-de-genero-300-mujeres-capacitadas-en-ofimatica-y-manejo-de-redes","status":"publish","type":"post","link":"https:\/\/contraluzcucuta.co\/?p=28045","title":{"rendered":"EQUIDAD DE G\u00c9NERO. 300 mujeres capacitadas\u00a0 en ofim\u00e1tica y manejo de redes"},"content":{"rendered":"<p><strong>C\u00daCUTA.-<\/strong> 300 mujeres, integrantes de asociaciones adscritas a la Secretar\u00eda de Equidad de G\u00e9nero, reciben capacitaci\u00f3n mediante convenio suscrito con la Corporaci\u00f3n Educativa Formadores Nueva Colombia, del barrio C\u00facuta 75. Podr\u00e1n adquirir conocimientos en ofim\u00e1tica y manejo de redes de informaci\u00f3n.<\/p>\n<p>Las jornadas se cumplir\u00e1n de lunes a domingo, estar\u00e1n divididas en 10 grupos y conformados por 30 alumnas cada uno. Seg\u00fan el horario y el d\u00eda asignado, tendr\u00e1n clases en la tarde o en la noche, durante 3 meses.<\/p>\n<p>Las beneficiadas aprender\u00e1n a manejar las herramientas de trabajo virtuales m\u00e1s utilizadas en la oficina: Microsoft Word, Excel, Power Point, entre otros programas y conocimientos.<\/p>\n<p>\u201cLa idea no es capacitar y dejar ah\u00ed. Terminado el curso damos una orientaci\u00f3n sobre emprendimiento, de c\u00f3mo montar una empresa, para que las mujeres salgan a ejercer y puedan ser competentes, y as\u00ed, logren salir adelante\u201d, expres\u00f3 Margarita G\u00e9lvez, Licenciada en Educaci\u00f3n, representante de la Corporaci\u00f3n Educativa Formadores Nueva Colombia.<\/p>\n<p>La Secretaria de Equidad de G\u00e9nero, Isabel M\u00e1rquez Rubio, indic\u00f3 que \u201cestamos buscando a trav\u00e9s de las diferentes corporaciones y fundaciones que puedan ayudarnos, proyectos para capacitar a mujeres de nuestra Ciudad, porque cada vez que tengamos la oportunidad de un convenio para favorecerlas, lo haremos\u201d.<\/p>\n<p><strong>Foto: PRENSA ALCALD\u00cdA<\/strong><\/p>\n<p>&nbsp; <\/p>\n","protected":false},"excerpt":{"rendered":"<p>C\u00daCUTA.- 300 mujeres, integrantes de asociaciones adscritas a la Secretar\u00eda de Equidad de G\u00e9nero, reciben capacitaci\u00f3n mediante convenio suscrito con la Corporaci\u00f3n Educativa Formadores Nueva Colombia, del barrio C\u00facuta 75. Podr\u00e1n adquirir conocimientos en ofim\u00e1tica y manejo de redes de informaci\u00f3n. Las jornadas se cumplir\u00e1n de lunes a domingo, estar\u00e1n divididas en 10 grupos y &hellip;<\/p>\n","protected":false},"author":1,"featured_media":28046,"comment_status":"open","ping_status":"open","sticky":false,"template":"","format":"standard","meta":{"footnotes":""},"categories":[2625],"tags":[3188],"class_list":["post-28045","post","type-post","status-publish","format-standard","has-post-thumbnail","hentry","category-alcaldia-de-cucuta","tag-equidad-de-genero"],"_links":{"self":[{"href":"https:\/\/contraluzcucuta.co\/index.php?rest_route=\/wp\/v2\/posts\/28045","targetHints":{"allow":["GET"]}}],"collection":[{"href":"https:\/\/contraluzcucuta.co\/index.php?rest_route=\/wp\/v2\/posts"}],"about":[{"href":"https:\/\/contraluzcucuta.co\/index.php?rest_route=\/wp\/v2\/types\/post"}],"author":[{"embeddable":true,"href":"https:\/\/contraluzcucuta.co\/index.php?rest_route=\/wp\/v2\/users\/1"}],"replies":[{"embeddable":true,"href":"https:\/\/contraluzcucuta.co\/index.php?rest_route=%2Fwp%2Fv2%2Fcomments&post=28045"}],"version-history":[{"count":1,"href":"https:\/\/contraluzcucuta.co\/index.php?rest_route=\/wp\/v2\/posts\/28045\/revisions"}],"predecessor-version":[{"id":28047,"href":"https:\/\/contraluzcucuta.co\/index.php?rest_route=\/wp\/v2\/posts\/28045\/revisions\/28047"}],"wp:featuredmedia":[{"embeddable":true,"href":"https:\/\/contraluzcucuta.co\/index.php?rest_route=\/wp\/v2\/media\/28046"}],"wp:attachment":[{"href":"https:\/\/contraluzcucuta.co\/index.php?rest_route=%2Fwp%2Fv2%2Fmedia&parent=28045"}],"wp:term":[{"taxonomy":"category","embeddable":true,"href":"https:\/\/contraluzcucuta.co\/index.php?rest_route=%2Fwp%2Fv2%2Fcategories&post=28045"},{"taxonomy":"post_tag","embeddable":true,"href":"https:\/\/contraluzcucuta.co\/index.php?rest_route=%2Fwp%2Fv2%2Ftags&post=28045"}],"curies":[{"name":"wp","href":"https:\/\/api.w.org\/{rel}","templated":true}]}}