{"id":28036,"date":"2016-09-03T13:41:24","date_gmt":"2016-09-03T18:41:24","guid":{"rendered":"http:\/\/contraluzcucuta.co\/?p=28036"},"modified":"2016-09-03T13:41:24","modified_gmt":"2016-09-03T18:41:24","slug":"sector-automotor-395-vehiculos-nuevos-en-las-vias-de-norte-de-santander","status":"publish","type":"post","link":"https:\/\/contraluzcucuta.co\/?p=28036","title":{"rendered":"SECTOR AUTOMOTOR. 395 veh\u00edculos nuevos en las v\u00edas de Norte de Santander"},"content":{"rendered":"<p><strong>C\u00daCUTA.-<\/strong> Norte de Santander tuvo una participaci\u00f3n de\u00a0 1,8 por ciento en el mercado nacional automotor, al vender 395\u00a0 unidades. En el pa\u00eds se vendieron\u00a0\u00a0 22.409\u00a0\u00a0 veh\u00edculos. Seg\u00fan estudio conjunto de\u00a0 la\u00a0 Andi y Fenalco, en agosto se present\u00f3 una mejora\u00a0\u00a0 y se espera que se convierta en tendencia en el fin de a\u00f1o.<\/p>\n<p>De los 395 veh\u00edculos vendidos en el departamento,\u00a0 en el octavo mes de 2016, C\u00facuta\u00a0 matricul\u00f3\u00a0\u00a0 151,\u00a0 Villa del Rosario 144,\u00a0 Los\u00a0 Patios\u00a0 66, Oca\u00f1a 19\u00a0 y El Zulia 9. En el acumulado del a\u00f1o, la participaci\u00f3n de Norte de Santander en el mercado nacional es del\u00a0 2,0 %\u00a0 con 3098\u00a0 veh\u00edculos.<\/p>\n<p>La\u00a0 distribuci\u00f3n de las ventas es la siguiente:<\/p>\n<p>1.- C\u00facuta, 1298<\/p>\n<p>2.- Villa del Rosario, 1209<\/p>\n<p>3.- Los Patios,\u00a0 384<\/p>\n<p>4.- Oca\u00f1a, 125.<\/p>\n<p>C\u00facuta recuper\u00f3 el primer puesto en veh\u00edculos matriculados, como respuesta a la estrategia implementada por la Secretar\u00eda de Tr\u00e1nsito\u00a0 Municipal con los concesionarios locales.\u00a0 Fenalco\u00a0 ha sido\u00a0 garante\u00a0\u00a0 para ofrecer\u00a0 a los empresarios atenci\u00f3n personalizada y \u00e1gil\u00a0 en las solicitudes que hacen ante el despacho cucute\u00f1o.<\/p>\n<p>Se espera a finales de a\u00f1o, el sector recupere la din\u00e1mica en veh\u00edculos vendidos y en la venta de accesorios y repuestos, ahora que la frontera empieza a recuperarse.<\/p>\n<p><strong>Foto: ARCHIVO<\/strong><\/p>\n<p>&nbsp;<\/p>\n<p>&nbsp;<\/p>\n<p>&nbsp; <\/p>\n","protected":false},"excerpt":{"rendered":"<p>C\u00daCUTA.- Norte de Santander tuvo una participaci\u00f3n de\u00a0 1,8 por ciento en el mercado nacional automotor, al vender 395\u00a0 unidades. En el pa\u00eds se vendieron\u00a0\u00a0 22.409\u00a0\u00a0 veh\u00edculos. Seg\u00fan estudio conjunto de\u00a0 la\u00a0 Andi y Fenalco, en agosto se present\u00f3 una mejora\u00a0\u00a0 y se espera que se convierta en tendencia en el fin de a\u00f1o. De &hellip;<\/p>\n","protected":false},"author":1,"featured_media":28037,"comment_status":"open","ping_status":"open","sticky":false,"template":"","format":"standard","meta":{"footnotes":""},"categories":[4,6],"tags":[1526,3184],"class_list":["post-28036","post","type-post","status-publish","format-standard","has-post-thumbnail","hentry","category-barra","category-ojo-avizor","tag-fenalco-norte-de-santander","tag-mercado-automotor"],"_links":{"self":[{"href":"https:\/\/contraluzcucuta.co\/index.php?rest_route=\/wp\/v2\/posts\/28036","targetHints":{"allow":["GET"]}}],"collection":[{"href":"https:\/\/contraluzcucuta.co\/index.php?rest_route=\/wp\/v2\/posts"}],"about":[{"href":"https:\/\/contraluzcucuta.co\/index.php?rest_route=\/wp\/v2\/types\/post"}],"author":[{"embeddable":true,"href":"https:\/\/contraluzcucuta.co\/index.php?rest_route=\/wp\/v2\/users\/1"}],"replies":[{"embeddable":true,"href":"https:\/\/contraluzcucuta.co\/index.php?rest_route=%2Fwp%2Fv2%2Fcomments&post=28036"}],"version-history":[{"count":1,"href":"https:\/\/contraluzcucuta.co\/index.php?rest_route=\/wp\/v2\/posts\/28036\/revisions"}],"predecessor-version":[{"id":28038,"href":"https:\/\/contraluzcucuta.co\/index.php?rest_route=\/wp\/v2\/posts\/28036\/revisions\/28038"}],"wp:featuredmedia":[{"embeddable":true,"href":"https:\/\/contraluzcucuta.co\/index.php?rest_route=\/wp\/v2\/media\/28037"}],"wp:attachment":[{"href":"https:\/\/contraluzcucuta.co\/index.php?rest_route=%2Fwp%2Fv2%2Fmedia&parent=28036"}],"wp:term":[{"taxonomy":"category","embeddable":true,"href":"https:\/\/contraluzcucuta.co\/index.php?rest_route=%2Fwp%2Fv2%2Fcategories&post=28036"},{"taxonomy":"post_tag","embeddable":true,"href":"https:\/\/contraluzcucuta.co\/index.php?rest_route=%2Fwp%2Fv2%2Ftags&post=28036"}],"curies":[{"name":"wp","href":"https:\/\/api.w.org\/{rel}","templated":true}]}}